{"id":9857,"date":"2025-06-13T13:21:51","date_gmt":"2025-06-13T13:21:51","guid":{"rendered":"https:\/\/diarioubatuba.com.br\/2025\/06\/13\/em-paulinia-governador-anuncia-etec-fatec-e-amplia-atuacao-da-delegacia-civil-em-nova-sede\/"},"modified":"2025-06-13T13:24:01","modified_gmt":"2025-06-13T13:24:01","slug":"em-paulinia-governador-anuncia-etec-fatec-e-amplia-atuacao-da-delegacia-civil-em-nova-sede","status":"publish","type":"post","link":"https:\/\/diarioubatuba.com.br\/?p=9857","title":{"rendered":"Em Paul\u00ednia, Governador anuncia ETEC, Fatec e amplia atua\u00e7\u00e3o da Delegacia Civil em nova sede"},"content":{"rendered":"<\/p>\n<p>Em atendimento ao pedido do prefeito de Paul\u00ednia, <strong>Danilo Barros<\/strong>, o Governador do Estado, <strong>Tarc\u00edsio de Freitas<\/strong> anunciou que o munic\u00edpio vai receber <strong>uma unidade da Etec (Escola T\u00e9cnica) e outra da Fatec (Faculdade de Tecnologia)<\/strong>, ambas institui\u00e7\u00f5es estaduais, do Centro Paula Souza. \u201cVer como o Governador compreende a voca\u00e7\u00e3o da nossa cidade e atende aos nossos pedidos \u00e9 muito gratificante. Tenho certeza que a instala\u00e7\u00e3o da Etec e da Fatec em Paul\u00ednia trar\u00e1 ainda mais for\u00e7a para nosso projeto de fortalecimento da cidade rumo ao futuro da tecnologia\u201d, afirma Danilo Barros.<\/p>\n<p>A difus\u00e3o foi feita durante a passagem do Governador por Paul\u00ednia que incluiu tamb\u00e9m a inaugura\u00e7\u00e3o da nova Delegacia da Pol\u00edcia Civil. Na ocasi\u00e3o, o Governador anunciou mudan\u00e7a de classe da delegacia da cidade de n\u00edvel 2 para 1. Na pr\u00e1tica, a medida amplia a atua\u00e7\u00e3o do \u00f3rg\u00e3o e transforma o atual N\u00facleo de Atendimento \u00e0 Mulher, em <strong>Delegacia de Defesa da Mulher (DDM)<\/strong>.<\/p>\n<p>\u201cFomos pioneiros na regi\u00e3o criando a Secretaria Municipal da Mulher e, agora, passamos a ter a DDM de forma estruturada e preparada para atender as ocorr\u00eancias da cidade. Trabalhar em prol da defesa das mulheres \u00e9 um compromisso desta gest\u00e3o e vamos seguir fortalecendo essas iniciativas, articulando melhorias em todas as esferas p\u00fablicas\u201d, afirma o prefeito Danilo Barros. Al\u00e9m da formaliza\u00e7\u00e3o da DDM, o edif\u00edcio conta com a sala Lil\u00e1s, pr\u00f3pria para o acolhimento das mulheres, crian\u00e7as e adolescentes v\u00edtimas de viol\u00eancia.<\/p>\n<p><strong>O novo edif\u00edcio \u00e9 de propriedade da Prefeitura, que passou por adapta\u00e7\u00f5es e investimentos de em torno de R$4 milh\u00f5es<\/strong>, que foram perfeitamente custeados pela cidade, resultando em um edif\u00edcio moderno e adaptado para os mais v\u00e1rios tipos de atendimento, preservando mais acolhimento \u00e0 comunidade e com f\u00e1cil acesso, localizada no Complicado do RodoShopping. \u201cConectando e somando esfor\u00e7os de todas as esferas do poder p\u00fablico conseguimos chegar at\u00e9 aqui. Essa nova reestrutura\u00e7\u00e3o come\u00e7ou na gest\u00e3o Du Cazellato e estamos neste momento entregando, efetivamente, mais seguran\u00e7a para a popula\u00e7\u00e3o. Com o apoio do governador Tarc\u00edsio de Freitas vamos ampliar a capacidade de atendimento e tamb\u00e9m com toda a expertise da nossa Guarda Civil Municipal vamos fortalecer ainda mais a refer\u00eancia que Paul\u00ednia j\u00e1 \u00e9 na regi\u00e3o em seguran\u00e7a p\u00fablica\u201d, afirma o Prefeito Danilo Barros.<\/p>\n<p>A unidade beneficiar\u00e1 os mais de 110 mil habitantes da cidade, em uma \u00e1rea total de mais de 1.164,64 metros quadrados. A nova sede conta com uma infraestrutura que contempla estacionamento amplo, recep\u00e7\u00e3o, salas destinadas para delegados, chefia de investiga\u00e7\u00e3o, investigadores, escriv\u00e3o-chefe, Opera\u00e7\u00f5es da Pol\u00edcia Civil (Cepol), salas de reconhecimento, celas femininas e masculinas, al\u00e9m de banheiros p\u00fablicos e privativos, tudo isso com total acessibilidade.<\/p>\n<p><strong>Caminhos da Capacita\u00e7\u00e3o<\/strong><\/p>\n<p>A agenda do Governador contou ainda com uma visita em uma das carretas do programa Caminhos da Capacita\u00e7\u00e3o, o Fundo Social de S\u00e3o Paulo, que tem como objetivo fornecer cursos gratuitos de habilita\u00e7\u00e3o profissional voltados \u00e0s pessoas em situa\u00e7\u00e3o de vulnerabilidade social.<\/p>\n<p>A primeira-dama do Estado, Cristiane Freitas e a primeira-dama de Paul\u00ednia, Tamires Barros, dialogaram com os alunos e acompanharam a rotina das aulas. \u201c\u00c9 muito gratificante ver como muitas pessoas precisam apenas de oportunidades para crescer e se desenvolver. Tenho certeza que todos que est\u00e3o aqui, se dedicando e buscando um futuro melhor, v\u00e3o concluir os cursos j\u00e1 empregados\u201d, afirma Tamires Barros.<\/p>\n<p><strong>Sobre o programa<\/strong><br \/>O Caminho da Capacita\u00e7\u00e3o \u00e9 parte dos esfor\u00e7os do governo no enfrentamento \u00e0 pobreza. O programa est\u00e1 inserido no Supera\u00e7\u00e3o SP, a\u00e7\u00e3o integrada em formato in\u00e9dito para tirar mais de 100 mil fam\u00edlias da linha da pobreza at\u00e9 2026.<br \/>Ser\u00e3o mais de 30 carretas com cursos profissionalizantes, que iniciam a circular atrav\u00e9s da \u00e1rea de Campinas com in\u00edcio do dia 26. O Caminho da Capacita\u00e7\u00e3o vai oferecer 46 cursos gratuitos em regi\u00f5es como beleza, gastronomia e tecnologia. A a\u00e7\u00e3o tem como objetivo ampliar as oportunidades de forma\u00e7\u00e3o e empregabilidade para o povo que mais precisa.<\/p>\n","protected":false},"excerpt":{"rendered":"<p>Em atendimento ao pedido do prefeito de Paul\u00ednia, Danilo Barros, o Governador do Estado, Tarc\u00edsio de Freitas anunciou que o munic\u00edpio vai receber uma unidade da Etec (Escola T\u00e9cnica) e outra da Fatec (Faculdade de Tecnologia), ambas institui\u00e7\u00f5es estaduais, do Centro Paula Souza. \u201cVer como o Governador compreende a voca\u00e7\u00e3o da nossa cidade e atende<\/p>\n","protected":false},"author":1,"featured_media":9858,"comment_status":"closed","ping_status":"closed","sticky":false,"template":"","format":"standard","meta":{"footnotes":""},"categories":[36],"tags":[1145,1146,1147,114,1148],"class_list":{"0":"post-9857","1":"post","2":"type-post","3":"status-publish","4":"format-standard","5":"has-post-thumbnail","7":"category-rede","8":"tag-danilo-barros","9":"tag-fatec","10":"tag-paulinia","11":"tag-rede","12":"tag-tarcicio-freitas"},"_links":{"self":[{"href":"https:\/\/diarioubatuba.com.br\/index.php?rest_route=\/wp\/v2\/posts\/9857","targetHints":{"allow":["GET"]}}],"collection":[{"href":"https:\/\/diarioubatuba.com.br\/index.php?rest_route=\/wp\/v2\/posts"}],"about":[{"href":"https:\/\/diarioubatuba.com.br\/index.php?rest_route=\/wp\/v2\/types\/post"}],"author":[{"embeddable":true,"href":"https:\/\/diarioubatuba.com.br\/index.php?rest_route=\/wp\/v2\/users\/1"}],"replies":[{"embeddable":true,"href":"https:\/\/diarioubatuba.com.br\/index.php?rest_route=%2Fwp%2Fv2%2Fcomments&post=9857"}],"version-history":[{"count":1,"href":"https:\/\/diarioubatuba.com.br\/index.php?rest_route=\/wp\/v2\/posts\/9857\/revisions"}],"predecessor-version":[{"id":9859,"href":"https:\/\/diarioubatuba.com.br\/index.php?rest_route=\/wp\/v2\/posts\/9857\/revisions\/9859"}],"wp:featuredmedia":[{"embeddable":true,"href":"https:\/\/diarioubatuba.com.br\/index.php?rest_route=\/wp\/v2\/media\/9858"}],"wp:attachment":[{"href":"https:\/\/diarioubatuba.com.br\/index.php?rest_route=%2Fwp%2Fv2%2Fmedia&parent=9857"}],"wp:term":[{"taxonomy":"category","embeddable":true,"href":"https:\/\/diarioubatuba.com.br\/index.php?rest_route=%2Fwp%2Fv2%2Fcategories&post=9857"},{"taxonomy":"post_tag","embeddable":true,"href":"https:\/\/diarioubatuba.com.br\/index.php?rest_route=%2Fwp%2Fv2%2Ftags&post=9857"}],"curies":[{"name":"wp","href":"https:\/\/api.w.org\/{rel}","templated":true}]}}