{"id":4516,"date":"2024-09-06T03:29:26","date_gmt":"2024-09-06T17:17:24","guid":{"rendered":"https:\/\/diarioubatuba.com.br\/2024\/09\/06\/trailer-oficial-do-filme-des-conceito-e-lancado-e-aumenta-a-expectativa-para-a-estreia\/"},"modified":"2024-09-06T17:17:24","modified_gmt":"2024-09-06T17:17:24","slug":"trailer-oficial-do-filme-des-conceito-e-lancado-e-aumenta-a-expectativa-para-a-estreia","status":"publish","type":"post","link":"https:\/\/diarioubatuba.com.br\/?p=4516","title":{"rendered":"Trailer oficial do filme \u201dDES conceito\u201d \u00e9 lan\u00e7ado e aumenta a expectativa para a estreia"},"content":{"rendered":"<\/p>\n<p>O aguardado longa-metragem \u201d<strong>DES conceito<\/strong>\u201d deu um grande passo rumo ao seu lan\u00e7amento ao divulgar oficialmente o primeiro trailer, que j\u00e1 est\u00e1 <strong><a href=\"https:\/\/www.youtube.com\/watch?v=od3RO5lCEeY\">dispon\u00edvel no YouTube<\/a><\/strong>. Com uma pr\u00e9via envolvente e emocional, o trailer revela um pouco mais sobre a trama que promete conquistar o p\u00fablico ao abordar temas como amor, religi\u00e3o e preconceito.<\/p>\n<p><strong>Um Trailer que Desperta Emo\u00e7\u00f5es<\/strong><br \/>O trailer de \u201cDES conceito\u201d n\u00e3o s\u00f3 introduz as personagens principais, Ravena e Ana, como tamb\u00e9m mergulha o espectador em uma narrativa poderosa e cheia de contrastes. A hist\u00f3ria de Ravena, uma m\u00e9dica negra, l\u00e9sbica e umbandista, e Ana, uma mulher evang\u00e9lica que enfrenta as press\u00f5es do machismo, \u00e9 apresentada de maneira intensa, com cenas que capturam a complexidade de suas vidas e o amor inesperado que surge entre elas.<\/p>\n<p>As imagens reveladas no trailer destacam o conflito entre o preconceito religioso e a busca por aceita\u00e7\u00e3o, ao mesmo tempo que exploram a beleza da diversidade cultural e espiritual. A trilha sonora, combinada com a cinematografia vibrante, aumenta a expectativa para a estreia do filme, prometendo uma experi\u00eancia cinematogr\u00e1fica impactante e cheia de significado.<\/p>\n<p><strong>P\u00f4ster Oficial: Um Complemento Visual ao Trailer<\/strong><br \/>Junto com o trailer, foi lan\u00e7ado tamb\u00e9m o p\u00f4ster oficial de \u201cDES conceito\u201d, que complementa a pr\u00e9via visual do filme. O p\u00f4ster \u00e9 um retrato simb\u00f3lico das protagonistas e dos temas centrais da trama. De um lado, os olhos abertos de Ravena, cercados pelo fogo e pela intensidade do vermelho, contrastam com os olhos fechados de Ana, envoltos pelo azul e pela introspec\u00e7\u00e3o. Ao centro, a harmonia entre diferentes religi\u00f5es e a coexist\u00eancia pac\u00edfica s\u00e3o destacadas, refor\u00e7ando a mensagem principal do filme.<\/p>\n<p><strong>Data de Estreia Confirmada<\/strong><br \/>Com o lan\u00e7amento do trailer, a expectativa para a estreia de \u201dDES conceito\u201d s\u00f3 aumenta. O filme est\u00e1 programado para estrear em 20 de setembro, no Cinema do Paul\u00ednia Winner Mall (Rodoshopping), \u00e0s 21 horas. O evento promete ser um marco para o cinema brasileiro, especialmente por sua abordagem \u00fanica e corajosa dos temas de diversidade e inclus\u00e3o.<\/p>\n<p><strong>Sobre o Filme<\/strong><br \/>DES conceito \u00e9 uma obra que vai al\u00e9m do entretenimento, abordando a desconstru\u00e7\u00e3o de preconceitos e o respeito \u00e0s religi\u00f5es de matriz africana. A trama segue Ravena e Ana enquanto enfrentam as barreiras impostas pela sociedade e pelos preconceitos religiosos, em uma jornada de autodescoberta e amor. O elenco, formado por talentosos atores como Flavia dos Prazeres, Eduarda Cardenuto, Brenda Diniz, Pedro Pauleey, Edu Porto, Paulla Dutra, Roberto Bonif\u00e1cio, N\u00e1dya Hungaro e Nill Marcondes, traz autenticidade e profundidade \u00e0 hist\u00f3ria.<\/p>\n<p>Com dire\u00e7\u00e3o de Iber\u00ea Pereira e produ\u00e7\u00e3o de Erika Prado, \u201cDES conceito\u201d promete ser mais que um filme, um marco na representatividade e na luta contra o preconceito, trazendo \u00e0 tona temas importantes e t\u00e3o necess\u00e1rios para a sociedade atual.<\/p>\n<p><strong>Apoio Cultural e Inclus\u00e3o<\/strong><br \/>O filme \u00e9 resultado de um projeto realizado com recursos da Lei Paulo Gustavo, em parceria com a Prefeitura Municipal de Paul\u00ednia e o Minist\u00e9rio da Cultura do Brasil. Al\u00e9m de promover a diversidade no cinema, DES conceito tamb\u00e9m oferece oportunidades para atores de comunidades perif\u00e9ricas, atrav\u00e9s de oficinas de atua\u00e7\u00e3o que incentivam a inclus\u00e3o e a representatividade.<\/p>\n<p><strong>Confira o Trailer<\/strong><br \/>N\u00e3o perca a chance de conferir o trailer oficial de \u201cDESconceito\u201d e se preparar para uma experi\u00eancia cinematogr\u00e1fica que promete emocionar e provocar reflex\u00f5es profundas. <a href=\"https:\/\/www.youtube.com\/watch?v=od3RO5lCEeY\">Acesse o link no YouTube<\/a> e marque na agenda: 20 de setembro, dia de estreia no Cinema do Paul\u00ednia Winner Mall.<\/p>\n<figure class=\"wp-block-embed is-type-video is-provider-youtube wp-block-embed-youtube wp-embed-aspect-16-9 wp-has-aspect-ratio\">\n<div class=\"wp-block-embed__wrapper\">\n<iframe title=\"DES conceito   - TRAILER OFICIAL\" width=\"749\" height=\"421\" src=\"https:\/\/www.youtube.com\/embed\/od3RO5lCEeY?feature=oembed\" frameborder=\"0\" allow=\"accelerometer; autoplay; clipboard-write; encrypted-media; gyroscope; picture-in-picture; web-share\" referrerpolicy=\"strict-origin-when-cross-origin\" allowfullscreen sandbox=\"allow-scripts allow-same-origin\"><\/iframe>\n<\/div>\n<\/figure>\n","protected":false},"excerpt":{"rendered":"<p>O aguardado longa-metragem \u201dDES conceito\u201d deu um grande passo rumo ao seu lan\u00e7amento ao divulgar oficialmente o primeiro trailer, que j\u00e1 est\u00e1 dispon\u00edvel no YouTube. Com uma pr\u00e9via envolvente e emocional, o trailer revela um pouco mais sobre a trama que promete conquistar o p\u00fablico ao abordar temas como amor, religi\u00e3o e preconceito. Um Trailer<\/p>\n","protected":false},"author":1,"featured_media":4526,"comment_status":"closed","ping_status":"closed","sticky":false,"template":"","format":"standard","meta":{"footnotes":""},"categories":[36],"tags":[420,421,114,422],"class_list":{"0":"post-4516","1":"post","2":"type-post","3":"status-publish","4":"format-standard","5":"has-post-thumbnail","7":"category-rede","8":"tag-desconceito","9":"tag-filme-nacional","10":"tag-rede","11":"tag-trailer"},"_links":{"self":[{"href":"https:\/\/diarioubatuba.com.br\/index.php?rest_route=\/wp\/v2\/posts\/4516","targetHints":{"allow":["GET"]}}],"collection":[{"href":"https:\/\/diarioubatuba.com.br\/index.php?rest_route=\/wp\/v2\/posts"}],"about":[{"href":"https:\/\/diarioubatuba.com.br\/index.php?rest_route=\/wp\/v2\/types\/post"}],"author":[{"embeddable":true,"href":"https:\/\/diarioubatuba.com.br\/index.php?rest_route=\/wp\/v2\/users\/1"}],"replies":[{"embeddable":true,"href":"https:\/\/diarioubatuba.com.br\/index.php?rest_route=%2Fwp%2Fv2%2Fcomments&post=4516"}],"version-history":[{"count":2,"href":"https:\/\/diarioubatuba.com.br\/index.php?rest_route=\/wp\/v2\/posts\/4516\/revisions"}],"predecessor-version":[{"id":4525,"href":"https:\/\/diarioubatuba.com.br\/index.php?rest_route=\/wp\/v2\/posts\/4516\/revisions\/4525"}],"wp:featuredmedia":[{"embeddable":true,"href":"https:\/\/diarioubatuba.com.br\/index.php?rest_route=\/wp\/v2\/media\/4526"}],"wp:attachment":[{"href":"https:\/\/diarioubatuba.com.br\/index.php?rest_route=%2Fwp%2Fv2%2Fmedia&parent=4516"}],"wp:term":[{"taxonomy":"category","embeddable":true,"href":"https:\/\/diarioubatuba.com.br\/index.php?rest_route=%2Fwp%2Fv2%2Fcategories&post=4516"},{"taxonomy":"post_tag","embeddable":true,"href":"https:\/\/diarioubatuba.com.br\/index.php?rest_route=%2Fwp%2Fv2%2Ftags&post=4516"}],"curies":[{"name":"wp","href":"https:\/\/api.w.org\/{rel}","templated":true}]}}