{"id":3911,"date":"2024-08-03T23:02:48","date_gmt":"2024-08-03T23:02:48","guid":{"rendered":"https:\/\/diarioubatuba.com.br\/2024\/08\/03\/acidos-graxos-presentes-do-cordao-umbilical-podem-ser-causa-do-autismo-revela-estudo\/"},"modified":"2024-08-03T23:09:14","modified_gmt":"2024-08-03T23:09:14","slug":"acidos-graxos-presentes-do-cordao-umbilical-podem-ser-causa-do-autismo-revela-estudo","status":"publish","type":"post","link":"https:\/\/diarioubatuba.com.br\/?p=3911","title":{"rendered":"\u00c1cidos graxos presentes do cord\u00e3o umbilical poder\u00e3o ser causa do autismo, mostra estudo"},"content":{"rendered":"<\/p>\n<p>Cientistas da Universidade de Fukui, no Jap\u00e3o, reconheceram uma plaus\u00edvel causa do autismo ao encontrarem uma liga\u00e7\u00e3o entre \u00e1cidos graxos no sangue do cord\u00e3o umbilical e o risco da condi\u00e7\u00e3o. O estudo analisou amostras de sangue de 200 crian\u00e7as e suas pontua\u00e7\u00f5es de autismo, focando inclusive nos \u00e1cidos graxos poli-insaturados (AGPI).<\/p>\n<p>Os pesquisadores descobriram que um composto espec\u00edfico, chamado diHETrE, presente no sangue do cord\u00e3o umbilical, pode ter implica\u00e7\u00f5es significativas na gravidade do Transtorno do Espectro Autista (TEA). Resultados exibiram que altos n\u00edveis de diHETrE est\u00e3o associados a dificuldades em intera\u00e7\u00f5es sociais, enquanto n\u00edveis baixos est\u00e3o ligados a comportamentos repetitivos e restritivos. Essa correla\u00e7\u00e3o foi mais evidente em garotas do que em garotos.<\/p>\n<p>A avalia\u00e7\u00e3o dos sintomas de TEA foi feita quando as crian\u00e7as atingiram seis anos de idade, com a ajuda de suas m\u00e3es. Com in\u00edcio das informa\u00e7\u00f5es, os cientistas sugerem que medir os n\u00edveis de diHETrE no nascimento pode se tornar uma ferramenta inestim\u00e1vel para prever o risco de uma crian\u00e7a desenvolver TEA. Eles tamb\u00e9m prop\u00f5em que inibir o metabolismo do diHETrE durante a gravidez poderia ser uma estrat\u00e9gia para prevenir tra\u00e7os de TEA, embora enfatizem a necessidade de mais pesquisas.<\/p>\n<p>Os resultados do estudo foram publicados na revista cient\u00edfica\u00a0<em>Psychiatry and Clinical Neurosciences<\/em>.<\/p>\n<h3 class=\"wp-block-heading\">O que \u00e9 o autismo?<\/h3>\n<p>Conforme o Minist\u00e9rio da Sa\u00fade, o Transtorno do Espectro Autista (TEA) \u00e9 caracterizado por altera\u00e7\u00f5es nas fun\u00e7\u00f5es do neurodesenvolvimento, impactando a comunica\u00e7\u00e3o, linguagem, intera\u00e7\u00e3o social e comportamento.<\/p>\n<p>Crian\u00e7as com altos n\u00edveis de 11,12-diHETrE apresentaram dificuldades significativas na socializa\u00e7\u00e3o e severos indica\u00e7\u00f5es de autismo. Em contrapartida, baixos n\u00edveis de 8,9-diHETrE foram ligados a comportamentos repetitivos e restritivos. O estudo, postado no peri\u00f3dico\u00a0<strong>Psychiatry and Clinical Neurosciences<\/strong>, tamb\u00e9m destacou uma especificidade de g\u00eanero, demonstrando que essas associa\u00e7\u00f5es foram mais comuns em garotas do que em garotos.<\/p>\n","protected":false},"excerpt":{"rendered":"<p>Cientistas da Universidade de Fukui, no Jap\u00e3o, reconheceram uma plaus\u00edvel causa do autismo ao encontrarem uma liga\u00e7\u00e3o entre \u00e1cidos graxos no sangue do cord\u00e3o umbilical e o risco da condi\u00e7\u00e3o. O estudo analisou amostras de sangue de 200 crian\u00e7as e suas pontua\u00e7\u00f5es de autismo, focando inclusive nos \u00e1cidos graxos poli-insaturados (AGPI). Os pesquisadores descobriram que<\/p>\n","protected":false},"author":1,"featured_media":3912,"comment_status":"closed","ping_status":"closed","sticky":false,"template":"","format":"standard","meta":{"footnotes":""},"categories":[36],"tags":[273,274,275,114],"class_list":{"0":"post-3911","1":"post","2":"type-post","3":"status-publish","4":"format-standard","5":"has-post-thumbnail","7":"category-rede","8":"tag-autismo","9":"tag-cura","10":"tag-pesquisa","11":"tag-rede"},"_links":{"self":[{"href":"https:\/\/diarioubatuba.com.br\/index.php?rest_route=\/wp\/v2\/posts\/3911","targetHints":{"allow":["GET"]}}],"collection":[{"href":"https:\/\/diarioubatuba.com.br\/index.php?rest_route=\/wp\/v2\/posts"}],"about":[{"href":"https:\/\/diarioubatuba.com.br\/index.php?rest_route=\/wp\/v2\/types\/post"}],"author":[{"embeddable":true,"href":"https:\/\/diarioubatuba.com.br\/index.php?rest_route=\/wp\/v2\/users\/1"}],"replies":[{"embeddable":true,"href":"https:\/\/diarioubatuba.com.br\/index.php?rest_route=%2Fwp%2Fv2%2Fcomments&post=3911"}],"version-history":[{"count":1,"href":"https:\/\/diarioubatuba.com.br\/index.php?rest_route=\/wp\/v2\/posts\/3911\/revisions"}],"predecessor-version":[{"id":3916,"href":"https:\/\/diarioubatuba.com.br\/index.php?rest_route=\/wp\/v2\/posts\/3911\/revisions\/3916"}],"wp:featuredmedia":[{"embeddable":true,"href":"https:\/\/diarioubatuba.com.br\/index.php?rest_route=\/wp\/v2\/media\/3912"}],"wp:attachment":[{"href":"https:\/\/diarioubatuba.com.br\/index.php?rest_route=%2Fwp%2Fv2%2Fmedia&parent=3911"}],"wp:term":[{"taxonomy":"category","embeddable":true,"href":"https:\/\/diarioubatuba.com.br\/index.php?rest_route=%2Fwp%2Fv2%2Fcategories&post=3911"},{"taxonomy":"post_tag","embeddable":true,"href":"https:\/\/diarioubatuba.com.br\/index.php?rest_route=%2Fwp%2Fv2%2Ftags&post=3911"}],"curies":[{"name":"wp","href":"https:\/\/api.w.org\/{rel}","templated":true}]}}