{"id":3883,"date":"2024-08-02T23:13:47","date_gmt":"2024-08-02T23:13:47","guid":{"rendered":"https:\/\/diarioubatuba.com.br\/2024\/08\/02\/receita-pudim-de-pao\/"},"modified":"2024-08-02T23:13:48","modified_gmt":"2024-08-02T23:13:48","slug":"receita-pudim-de-pao","status":"publish","type":"post","link":"https:\/\/diarioubatuba.com.br\/?p=3883","title":{"rendered":"Receita: Pudim de p\u00e3o"},"content":{"rendered":"<\/p>\n<p>F\u00e1cil e barato, este pudim de p\u00e3o tem uma calda de caramelo irresist\u00edvel. Uma sobremesa simples que vai agradar a toda a sua fam\u00edlia. O p\u00e3o \u00e9 o ingrediente diferencial desta iguaria. Aprenda o passo a passo:<\/p>\n<p>Est\u00e1 com\u00a0<strong>p\u00e3o amanhecido<\/strong>\u00a0sobrando em casa? Voc\u00ea pode desfrutar para preparar um\u00a0<strong>pudim de p\u00e3o<\/strong>. Simples e f\u00e1cil, a\u00a0sobremesa\u00a0leva ingredientes que voc\u00ea provavelmente tem em casa: p\u00e3o amanhecido, ovos, margarina, a\u00e7\u00facar e leite.<\/p>\n<p>O\u00a0<strong>pudim de p\u00e3o<\/strong>\u00a0combina com um\u00a0cafezinho\u00a0no\u00a0lanche da tarde, no\u00a0caf\u00e9 da manh\u00e3\u00a0e poder\u00e1 tamb\u00e9m ser destaque na\u00a0ceia de Natal e Ano-Novo.<\/p>\n<h2 class=\"wp-block-heading\">Como desenformar o pudim com facilidade<\/h2>\n<ul class=\"wp-block-list\">\n<li>Esquente a base da forma por alguns segundos antes de desenformar<\/li>\n<\/ul>\n<h2 class=\"wp-block-heading\">Ingredientes<\/h2>\n<h2 class=\"wp-block-heading\">Calda<\/h2>\n<ul class=\"wp-block-list\">\n<li>1 x\u00edcara e meia de a\u00e7\u00facar cristal<\/li>\n<\/ul>\n<h2 class=\"wp-block-heading\">Modo de Preparo<\/h2>\n<h3 class=\"wp-block-heading\">Calda<\/h3>\n<ol class=\"wp-block-list\">\n<li>Em uma frigideira, coloque o a\u00e7\u00facar aos poucos e derreta em fogo baixo.<\/li>\n<li>Despeje o caramelo na forma de pudim.<\/li>\n<\/ol>\n<h2 class=\"wp-block-heading\">Como acertar o ponto do caramelo<\/h2>\n<ul class=\"wp-block-list\">\n<li>Ao inv\u00e9s de usar a forma de pudim, fa\u00e7a o caramelo em uma frigideira.<\/li>\n<li>Depois, despeje a mistura na forma de pudim.<\/li>\n<\/ul>\n<h2 class=\"wp-block-heading\">Ingredientes<\/h2>\n<h2 class=\"wp-block-heading\">Pudim de p\u00e3o<\/h2>\n<ul class=\"wp-block-list\">\n<li>2 e meia x\u00edcaras de ch\u00e1 de leite<\/li>\n<li>1 x\u00edcara de a\u00e7\u00facar<\/li>\n<li>2 p\u00e3es franceses cortados em rodelas<\/li>\n<li>1 colher de sopa de margarina<\/li>\n<li>3 ovos<\/li>\n<\/ul>\n","protected":false},"excerpt":{"rendered":"<p>F\u00e1cil e barato, este pudim de p\u00e3o tem uma calda de caramelo irresist\u00edvel. Uma sobremesa simples que vai agradar a toda a sua fam\u00edlia. O p\u00e3o \u00e9 o ingrediente diferencial desta iguaria. Aprenda o passo a passo: Est\u00e1 com\u00a0p\u00e3o amanhecido\u00a0sobrando em casa? Voc\u00ea pode desfrutar para preparar um\u00a0pudim de p\u00e3o. Simples e f\u00e1cil, a\u00a0sobremesa\u00a0leva ingredientes<\/p>\n","protected":false},"author":1,"featured_media":3884,"comment_status":"closed","ping_status":"closed","sticky":false,"template":"","format":"standard","meta":{"footnotes":""},"categories":[35],"tags":[263,85],"class_list":{"0":"post-3883","1":"post","2":"type-post","3":"status-publish","4":"format-standard","5":"has-post-thumbnail","7":"category-receitas","8":"tag-pudim-de-pao","9":"tag-receitas"},"_links":{"self":[{"href":"https:\/\/diarioubatuba.com.br\/index.php?rest_route=\/wp\/v2\/posts\/3883","targetHints":{"allow":["GET"]}}],"collection":[{"href":"https:\/\/diarioubatuba.com.br\/index.php?rest_route=\/wp\/v2\/posts"}],"about":[{"href":"https:\/\/diarioubatuba.com.br\/index.php?rest_route=\/wp\/v2\/types\/post"}],"author":[{"embeddable":true,"href":"https:\/\/diarioubatuba.com.br\/index.php?rest_route=\/wp\/v2\/users\/1"}],"replies":[{"embeddable":true,"href":"https:\/\/diarioubatuba.com.br\/index.php?rest_route=%2Fwp%2Fv2%2Fcomments&post=3883"}],"version-history":[{"count":1,"href":"https:\/\/diarioubatuba.com.br\/index.php?rest_route=\/wp\/v2\/posts\/3883\/revisions"}],"predecessor-version":[{"id":3885,"href":"https:\/\/diarioubatuba.com.br\/index.php?rest_route=\/wp\/v2\/posts\/3883\/revisions\/3885"}],"wp:featuredmedia":[{"embeddable":true,"href":"https:\/\/diarioubatuba.com.br\/index.php?rest_route=\/wp\/v2\/media\/3884"}],"wp:attachment":[{"href":"https:\/\/diarioubatuba.com.br\/index.php?rest_route=%2Fwp%2Fv2%2Fmedia&parent=3883"}],"wp:term":[{"taxonomy":"category","embeddable":true,"href":"https:\/\/diarioubatuba.com.br\/index.php?rest_route=%2Fwp%2Fv2%2Fcategories&post=3883"},{"taxonomy":"post_tag","embeddable":true,"href":"https:\/\/diarioubatuba.com.br\/index.php?rest_route=%2Fwp%2Fv2%2Ftags&post=3883"}],"curies":[{"name":"wp","href":"https:\/\/api.w.org\/{rel}","templated":true}]}}