{"id":3861,"date":"2024-08-02T06:02:42","date_gmt":"2024-08-02T06:02:42","guid":{"rendered":"https:\/\/diarioubatuba.com.br\/2024\/08\/02\/polemica-boxeadora-italiana-abandona-luta-contra-argelina-que-nao-passou-no-teste-de-feminilidade-em-2023\/"},"modified":"2024-08-02T06:30:43","modified_gmt":"2024-08-02T06:30:43","slug":"polemica-boxeadora-italiana-abandona-luta-contra-argelina-que-nao-passou-no-teste-de-feminilidade-em-2023","status":"publish","type":"post","link":"https:\/\/diarioubatuba.com.br\/?p=3861","title":{"rendered":"Pol\u00eamica: Boxeadora italiana abandona luta contra argelina que n\u00e3o passou no teste de feminilidade em 2023"},"content":{"rendered":"<\/p>\n<p>A boxeadora italiana Angela Carini abandonou a luta contra a argelina Imane Khelif depois de somente 46 segundos nas oitavas de final da categoria at\u00e9 66kg dos Jogos Ol\u00edmpicos de 2024, em Paris.<\/p>\n<p>Khelif est\u00e1 sob os holofotes desde que foi desclassificada antes de uma disputa atrav\u00e9s da medalha de ouro no Campeonato Mundial em 2023 por descumprir as regras de elegibilidade da Associa\u00e7\u00e3o Internacional de Boxe (IBA), que impedem esportistas com \u2018cromossomos XY de competir em eventos femininos., o que Khelif considerou ser uma grande conspira\u00e7\u00e3o, j\u00e1 que ela s\u00f3 foi desclassificada antes da final e n\u00e3o antes de come\u00e7ar a competir<\/p>\n<p>Ela foi considerada eleg\u00edvel, no entanto, para competir em Paris, uma competi\u00e7\u00e3o coordenada atrav\u00e9s do COI depois que o organismo ol\u00edmpico retirou o reconhecimento internacional da IBA no ano passado por quest\u00f5es relacionadas \u00e0 governan\u00e7a e a suspeita de corrup\u00e7\u00e3o.<\/p>\n<p>Khelif entrou na lotada arena do norte de Paris em meio a aplausos de torcedores agitando bandeiras da Arg\u00e9lia, e a italiana instantaneamente n\u00e3o foi p\u00e1reo para a velocidade e maior alcance de seu oponente.<\/p>\n<p>Carini, que \u00e9 seis cent\u00edmetros mais baixa que a argelina, foi at\u00e9 seu treinador depois de 30 segundos para consertar o capacete, mas depois de retomar brevemente a luta ela voltou ao seu canto e parou antes de sair rapidamente do ringue. Ela negou<strong>\u00a0que boicotou a luta e na verdade saiu por estar sentindo dores intensas no nariz<\/strong><\/p>\n<p>A argelina ainda n\u00e3o conhece a advers\u00e1ria nas quartas de final.<\/p>\n<p><em>Com informa\u00e7\u00f5es do SurtoOlimpico<\/em><\/p>\n","protected":false},"excerpt":{"rendered":"<p>A boxeadora italiana Angela Carini abandonou a luta contra a argelina Imane Khelif depois de somente 46 segundos nas oitavas de final da categoria at\u00e9 66kg dos Jogos Ol\u00edmpicos de 2024, em Paris. Khelif est\u00e1 sob os holofotes desde que foi desclassificada antes de uma disputa atrav\u00e9s da medalha de ouro no Campeonato Mundial em<\/p>\n","protected":false},"author":1,"featured_media":3862,"comment_status":"closed","ping_status":"closed","sticky":false,"template":"","format":"standard","meta":{"footnotes":""},"categories":[36],"tags":[254,255,114],"class_list":{"0":"post-3861","1":"post","2":"type-post","3":"status-publish","4":"format-standard","5":"has-post-thumbnail","7":"category-rede","8":"tag-boxe","9":"tag-paris","10":"tag-rede"},"_links":{"self":[{"href":"https:\/\/diarioubatuba.com.br\/index.php?rest_route=\/wp\/v2\/posts\/3861","targetHints":{"allow":["GET"]}}],"collection":[{"href":"https:\/\/diarioubatuba.com.br\/index.php?rest_route=\/wp\/v2\/posts"}],"about":[{"href":"https:\/\/diarioubatuba.com.br\/index.php?rest_route=\/wp\/v2\/types\/post"}],"author":[{"embeddable":true,"href":"https:\/\/diarioubatuba.com.br\/index.php?rest_route=\/wp\/v2\/users\/1"}],"replies":[{"embeddable":true,"href":"https:\/\/diarioubatuba.com.br\/index.php?rest_route=%2Fwp%2Fv2%2Fcomments&post=3861"}],"version-history":[{"count":1,"href":"https:\/\/diarioubatuba.com.br\/index.php?rest_route=\/wp\/v2\/posts\/3861\/revisions"}],"predecessor-version":[{"id":3866,"href":"https:\/\/diarioubatuba.com.br\/index.php?rest_route=\/wp\/v2\/posts\/3861\/revisions\/3866"}],"wp:featuredmedia":[{"embeddable":true,"href":"https:\/\/diarioubatuba.com.br\/index.php?rest_route=\/wp\/v2\/media\/3862"}],"wp:attachment":[{"href":"https:\/\/diarioubatuba.com.br\/index.php?rest_route=%2Fwp%2Fv2%2Fmedia&parent=3861"}],"wp:term":[{"taxonomy":"category","embeddable":true,"href":"https:\/\/diarioubatuba.com.br\/index.php?rest_route=%2Fwp%2Fv2%2Fcategories&post=3861"},{"taxonomy":"post_tag","embeddable":true,"href":"https:\/\/diarioubatuba.com.br\/index.php?rest_route=%2Fwp%2Fv2%2Ftags&post=3861"}],"curies":[{"name":"wp","href":"https:\/\/api.w.org\/{rel}","templated":true}]}}