{"id":3409,"date":"2024-07-23T17:17:59","date_gmt":"2024-07-23T17:27:40","guid":{"rendered":"https:\/\/diarioubatuba.com.br\/2024\/07\/23\/suspensao-da-area-de-noticias-do-site-durante-periodo-eleitoral\/"},"modified":"2024-07-23T17:33:13","modified_gmt":"2024-07-23T17:33:13","slug":"suspensao-da-area-de-noticias-do-site-durante-periodo-eleitoral","status":"publish","type":"post","link":"https:\/\/diarioubatuba.com.br\/?p=3409","title":{"rendered":"Suspens\u00e3o da \u00e1rea de not\u00edcias do site durante momento eleitoral"},"content":{"rendered":"<\/p>\n<p>Em atendimento \u00e0 legisla\u00e7\u00e3o eleitoral, com in\u00edcio de 6 de Julho, as redes sociais da C\u00e2mara Municipal de Ubatuba e a \u00e1rea de not\u00edcias deste site oficial permanecer\u00e3o momentaneamente suspensas, retornando depois de as elei\u00e7\u00f5es do munic\u00edpio.<\/p>\n<p><i>Fonte: Camara Municipal de Ubatuba<\/i> <\/p>\n","protected":false},"excerpt":{"rendered":"<p>Em atendimento \u00e0 legisla\u00e7\u00e3o eleitoral, com in\u00edcio de 6 de Julho, as redes sociais da C\u00e2mara Municipal de Ubatuba e a \u00e1rea de not\u00edcias deste site oficial permanecer\u00e3o momentaneamente suspensas, retornando depois de as elei\u00e7\u00f5es do munic\u00edpio. Fonte: Camara Municipal de Ubatuba<\/p>\n","protected":false},"author":1,"featured_media":3418,"comment_status":"closed","ping_status":"closed","sticky":false,"template":"","format":"standard","meta":{"footnotes":""},"categories":[33],"tags":[164,65,165,163],"class_list":{"0":"post-3409","1":"post","2":"type-post","3":"status-publish","4":"format-standard","5":"has-post-thumbnail","7":"category-ubatuba","8":"tag-camara-municipal","9":"tag-destaques","10":"tag-noticias","11":"tag-ubatuba"},"_links":{"self":[{"href":"https:\/\/diarioubatuba.com.br\/index.php?rest_route=\/wp\/v2\/posts\/3409","targetHints":{"allow":["GET"]}}],"collection":[{"href":"https:\/\/diarioubatuba.com.br\/index.php?rest_route=\/wp\/v2\/posts"}],"about":[{"href":"https:\/\/diarioubatuba.com.br\/index.php?rest_route=\/wp\/v2\/types\/post"}],"author":[{"embeddable":true,"href":"https:\/\/diarioubatuba.com.br\/index.php?rest_route=\/wp\/v2\/users\/1"}],"replies":[{"embeddable":true,"href":"https:\/\/diarioubatuba.com.br\/index.php?rest_route=%2Fwp%2Fv2%2Fcomments&post=3409"}],"version-history":[{"count":2,"href":"https:\/\/diarioubatuba.com.br\/index.php?rest_route=\/wp\/v2\/posts\/3409\/revisions"}],"predecessor-version":[{"id":3425,"href":"https:\/\/diarioubatuba.com.br\/index.php?rest_route=\/wp\/v2\/posts\/3409\/revisions\/3425"}],"wp:featuredmedia":[{"embeddable":true,"href":"https:\/\/diarioubatuba.com.br\/index.php?rest_route=\/wp\/v2\/media\/3418"}],"wp:attachment":[{"href":"https:\/\/diarioubatuba.com.br\/index.php?rest_route=%2Fwp%2Fv2%2Fmedia&parent=3409"}],"wp:term":[{"taxonomy":"category","embeddable":true,"href":"https:\/\/diarioubatuba.com.br\/index.php?rest_route=%2Fwp%2Fv2%2Fcategories&post=3409"},{"taxonomy":"post_tag","embeddable":true,"href":"https:\/\/diarioubatuba.com.br\/index.php?rest_route=%2Fwp%2Fv2%2Ftags&post=3409"}],"curies":[{"name":"wp","href":"https:\/\/api.w.org\/{rel}","templated":true}]}}