{"id":3387,"date":"2024-07-23T17:13:39","date_gmt":"2024-07-23T17:13:39","guid":{"rendered":"https:\/\/diarioubatuba.com.br\/2024\/07\/23\/curso-de-dublagem-capacite-se-para-essa-fascinante-profissao-com-o-instrutor-cleber-simoes\/"},"modified":"2024-07-23T18:16:55","modified_gmt":"2024-07-23T18:16:55","slug":"curso-de-dublagem-capacite-se-para-essa-fascinante-profissao-com-o-instrutor-cleber-simoes","status":"publish","type":"post","link":"https:\/\/diarioubatuba.com.br\/?p=3387","title":{"rendered":"Curso de Dublagem: Capacite-se para essa fascinante profiss\u00e3o com o instrutor Cl\u00e9ber Sim\u00f5es"},"content":{"rendered":"<\/p>\n<p>Voc\u00ea j\u00e1 se imaginou emprestando sua voz a personagens ic\u00f4nicos do cinema e da televis\u00e3o? Se sim, o mercado de trabalho de um dublador pode ser o seu caminho para fazer esse sonho. Com a crescente demanda por conte\u00fado audiovisual, a profiss\u00e3o de dublador tornou-se cada hora mais relevante e atrativa. E se voc\u00ea deseja come\u00e7ar nesta carreira promissora, n\u00e3o poderia haver momento melhor para dar o primeiro passo.<\/p>\n<p><strong>Aulas Pr\u00e1ticas e Personalizadas<\/strong><br \/>Imagine ter a oportunidade de aprender com um profissional renomado, cuja voz deu vida a personagens marcantes de s\u00e9ries e filmes consagrados. Estamos falando de <strong>Cl\u00e9ber Sim\u00f5es<\/strong>, o talentoso dublador por tr\u00e1s de personagens como HELSINK de \u201cLa Casa de Papel\u201d, os Power Rangers, Baki, Transformers, Tr\u00eas Espi\u00e3s Demais, e muitos outros.<\/p>\n<p>Nossas aulas s\u00e3o estruturadas para possibilitar uma experi\u00eancia imersiva e pr\u00e1tica desde o primeiro dia. Com foco na t\u00e9cnica da dublagem, voc\u00ea ter\u00e1 a oportunidade de melhorar suas habilidades no microfone, completando um m\u00f3dulo inteiro de pr\u00e1ticas que o preparar\u00e3o para os desafios do mercado.<\/p>\n<p><strong>Certificado Reconhecido atrav\u00e9s do DRT<\/strong><br \/>Compreendemos a necessidade da formaliza\u00e7\u00e3o para sua carreira. Por isso, ao concluir nossos cursos, voc\u00ea receber\u00e1 um certificado com horas v\u00e1lidas para o Registro Profissional na DRT (Delegacia Regional do Trabalho), assegurando o reconhecimento de sua forma\u00e7\u00e3o no mercado de trabalho.<\/p>\n<p>Para os aspirantes mais jovens, entre 10 e 15 anos, permitimos a presen\u00e7a de um respons\u00e1vel durante as aulas te\u00f3ricas, assegurando um ambiente seguro e prop\u00edcio para o aprendizado.<\/p>\n<p><strong>Contate-nos Agora e Inicie Sua Jornada na Dublagem!<\/strong><br \/>Se voc\u00ea est\u00e1 pronto para embarcar nesta jornada emocionante rumo ao universo da dublagem, entre em contato com<strong> Erika Prado <\/strong>atrav\u00e9s do WhatsApp atrav\u00e9s do n\u00famero <a href=\"https:\/\/api.whatsapp.com\/send?phone=5519991288043&#038;text=Tenho%20interesse%20nos%2010%25%20de%20Desconto%20do%20curso!\" target=\"_blank\" rel=\"noopener\">19 99128 8043<\/a>. N\u00e3o deixe essa oportunidade \u00fanica escapar! Venha descobrir o poder da sua voz e transform\u00e1-la em arte.<\/p>\n","protected":false},"excerpt":{"rendered":"<p>Voc\u00ea j\u00e1 se imaginou emprestando sua voz a personagens ic\u00f4nicos do cinema e da televis\u00e3o? Se sim, o mercado de trabalho de um dublador pode ser o seu caminho para fazer esse sonho. Com a crescente demanda por conte\u00fado audiovisual, a profiss\u00e3o de dublador tornou-se cada hora mais relevante e atrativa. E se voc\u00ea deseja<\/p>\n","protected":false},"author":1,"featured_media":3388,"comment_status":"closed","ping_status":"closed","sticky":false,"template":"","format":"standard","meta":{"footnotes":""},"categories":[36],"tags":[132,133,134,114],"class_list":{"0":"post-3387","1":"post","2":"type-post","3":"status-publish","4":"format-standard","5":"has-post-thumbnail","7":"category-rede","8":"tag-baki","9":"tag-cleber-simoes","10":"tag-dublagem","11":"tag-rede"},"_links":{"self":[{"href":"https:\/\/diarioubatuba.com.br\/index.php?rest_route=\/wp\/v2\/posts\/3387","targetHints":{"allow":["GET"]}}],"collection":[{"href":"https:\/\/diarioubatuba.com.br\/index.php?rest_route=\/wp\/v2\/posts"}],"about":[{"href":"https:\/\/diarioubatuba.com.br\/index.php?rest_route=\/wp\/v2\/types\/post"}],"author":[{"embeddable":true,"href":"https:\/\/diarioubatuba.com.br\/index.php?rest_route=\/wp\/v2\/users\/1"}],"replies":[{"embeddable":true,"href":"https:\/\/diarioubatuba.com.br\/index.php?rest_route=%2Fwp%2Fv2%2Fcomments&post=3387"}],"version-history":[{"count":1,"href":"https:\/\/diarioubatuba.com.br\/index.php?rest_route=\/wp\/v2\/posts\/3387\/revisions"}],"predecessor-version":[{"id":3448,"href":"https:\/\/diarioubatuba.com.br\/index.php?rest_route=\/wp\/v2\/posts\/3387\/revisions\/3448"}],"wp:featuredmedia":[{"embeddable":true,"href":"https:\/\/diarioubatuba.com.br\/index.php?rest_route=\/wp\/v2\/media\/3388"}],"wp:attachment":[{"href":"https:\/\/diarioubatuba.com.br\/index.php?rest_route=%2Fwp%2Fv2%2Fmedia&parent=3387"}],"wp:term":[{"taxonomy":"category","embeddable":true,"href":"https:\/\/diarioubatuba.com.br\/index.php?rest_route=%2Fwp%2Fv2%2Fcategories&post=3387"},{"taxonomy":"post_tag","embeddable":true,"href":"https:\/\/diarioubatuba.com.br\/index.php?rest_route=%2Fwp%2Fv2%2Ftags&post=3387"}],"curies":[{"name":"wp","href":"https:\/\/api.w.org\/{rel}","templated":true}]}}