{"id":3383,"date":"2024-07-23T17:13:41","date_gmt":"2024-07-23T17:13:41","guid":{"rendered":"https:\/\/diarioubatuba.com.br\/2024\/07\/23\/andressa-urach-diz-que-mantera-producao-de-conteudo-adulto-durante-gravidez\/"},"modified":"2024-07-23T18:15:18","modified_gmt":"2024-07-23T18:15:18","slug":"andressa-urach-diz-que-mantera-producao-de-conteudo-adulto-durante-gravidez","status":"publish","type":"post","link":"https:\/\/diarioubatuba.com.br\/?p=3383","title":{"rendered":"Andressa Urach diz que manter\u00e1 produ\u00e7\u00e3o de conte\u00fado adulto durante gravidez"},"content":{"rendered":"<\/p>\n<p>A atriz porn\u00f4 revelou que est\u00e1 tentando engravidar de seu namorado, Lucas Matheus<\/p>\n<p>Andressa Urach afirmou, nesta quinta-feira (23\/5), que uma prov\u00e1vel gravidez n\u00e3o interromper\u00e1 a produ\u00e7\u00e3o de seus conte\u00fados adultos. A modelo, que recentemente anunciou estar tentando engravidar, declarou que continuar\u00e1 trabalhando durante a gesta\u00e7\u00e3o.<\/p>\n<p>\u201cEnquanto eu estiver gr\u00e1vida, vou continuar produzindo conte\u00fado solo e com o Lucas, pai do meu beb\u00ea\u201d, falou Urach em um story no Instagram.<\/p>\n<p>Ela mencionou, entretanto, que n\u00e3o far\u00e1 colabora\u00e7\u00f5es com outros profissionais da ind\u00fastria durante esse momento. \u201cCom outros criadores de conte\u00fado, n\u00e3o. Para preservar o nen\u00e9m\u201d.<\/p>\n<p>Andressa explicou que essa restri\u00e7\u00e3o se aplicar\u00e1 exclusivamente durante a gravidez e o p\u00f3s-parto imediato. \u201cDepois que eu me recuperar, que passar a fase da quarentena, que eu estiver bem de novo com o meu corpo, a\u00ed sim. A\u00ed a gente volta \u00e0s \u2018collabs\u2019, a\u00ed eu volto a gravar com outros criadores de conte\u00fado\u201d, completou.<\/p>\n<p>A modelo \u00e9 m\u00e3e de Arthur Urach, 19 anos, e Leon, dois anos. Recentemente, Andressa revelou que est\u00e1 tentando engravidar de seu namorado, Lucas Matheus.<\/p>\n","protected":false},"excerpt":{"rendered":"<p>A atriz porn\u00f4 revelou que est\u00e1 tentando engravidar de seu namorado, Lucas Matheus Andressa Urach afirmou, nesta quinta-feira (23\/5), que uma prov\u00e1vel gravidez n\u00e3o interromper\u00e1 a produ\u00e7\u00e3o de seus conte\u00fados adultos. A modelo, que recentemente anunciou estar tentando engravidar, declarou que continuar\u00e1 trabalhando durante a gesta\u00e7\u00e3o. \u201cEnquanto eu estiver gr\u00e1vida, vou continuar produzindo conte\u00fado solo<\/p>\n","protected":false},"author":1,"featured_media":3384,"comment_status":"closed","ping_status":"closed","sticky":false,"template":"","format":"standard","meta":{"footnotes":""},"categories":[36],"tags":[114],"class_list":{"0":"post-3383","1":"post","2":"type-post","3":"status-publish","4":"format-standard","5":"has-post-thumbnail","7":"category-rede","8":"tag-rede"},"_links":{"self":[{"href":"https:\/\/diarioubatuba.com.br\/index.php?rest_route=\/wp\/v2\/posts\/3383","targetHints":{"allow":["GET"]}}],"collection":[{"href":"https:\/\/diarioubatuba.com.br\/index.php?rest_route=\/wp\/v2\/posts"}],"about":[{"href":"https:\/\/diarioubatuba.com.br\/index.php?rest_route=\/wp\/v2\/types\/post"}],"author":[{"embeddable":true,"href":"https:\/\/diarioubatuba.com.br\/index.php?rest_route=\/wp\/v2\/users\/1"}],"replies":[{"embeddable":true,"href":"https:\/\/diarioubatuba.com.br\/index.php?rest_route=%2Fwp%2Fv2%2Fcomments&post=3383"}],"version-history":[{"count":1,"href":"https:\/\/diarioubatuba.com.br\/index.php?rest_route=\/wp\/v2\/posts\/3383\/revisions"}],"predecessor-version":[{"id":3446,"href":"https:\/\/diarioubatuba.com.br\/index.php?rest_route=\/wp\/v2\/posts\/3383\/revisions\/3446"}],"wp:featuredmedia":[{"embeddable":true,"href":"https:\/\/diarioubatuba.com.br\/index.php?rest_route=\/wp\/v2\/media\/3384"}],"wp:attachment":[{"href":"https:\/\/diarioubatuba.com.br\/index.php?rest_route=%2Fwp%2Fv2%2Fmedia&parent=3383"}],"wp:term":[{"taxonomy":"category","embeddable":true,"href":"https:\/\/diarioubatuba.com.br\/index.php?rest_route=%2Fwp%2Fv2%2Fcategories&post=3383"},{"taxonomy":"post_tag","embeddable":true,"href":"https:\/\/diarioubatuba.com.br\/index.php?rest_route=%2Fwp%2Fv2%2Ftags&post=3383"}],"curies":[{"name":"wp","href":"https:\/\/api.w.org\/{rel}","templated":true}]}}