{"id":3377,"date":"2024-07-23T17:13:44","date_gmt":"2024-07-23T17:13:44","guid":{"rendered":"https:\/\/diarioubatuba.com.br\/2024\/07\/23\/pf-deflagra-operacao-fundo-do-poco-contra-desvio-de-fundo-eleitoral-do-partido-pros\/"},"modified":"2024-07-23T18:04:29","modified_gmt":"2024-07-23T18:04:29","slug":"pf-deflagra-operacao-fundo-do-poco-contra-desvio-de-fundo-eleitoral-do-partido-pros","status":"publish","type":"post","link":"https:\/\/diarioubatuba.com.br\/?p=3377","title":{"rendered":"PF deflagra Opera\u00e7\u00e3o Fundo do Po\u00e7o contra desvio de fundo eleitoral do partido PROS"},"content":{"rendered":"<\/p>\n<p>A\u00a0<a class=\"\" href=\"https:\/\/cbn.globo.com\/busca\/?q=policia+federal\" target=\"_blank\" rel=\"noopener\">Pol\u00edcia Federal\u00a0<\/a>deflagrou na pr\u00f3xima quarta (12) a Opera\u00e7\u00e3o Fundo no Po\u00e7o, com o objetivo de desarticular planejamento criminosa respons\u00e1vel por desviar e se apropriar de recursos do fundo partid\u00e1rio e eleitoral nas elei\u00e7\u00f5es de 2022.<\/p>\n<p>As investiga\u00e7\u00f5es tiveram come\u00e7o a contar de den\u00fancia do ent\u00e3o presidente do partido em desfavor de um ex-dirigente suspeito de desviar aproximadamente R$ 36 milh\u00f5es. Os alvos principais s\u00e3o ligados ao <strong>PROS, Partido Republicano da Ordem Social<\/strong>, que ano passado foi incorporado ao Solidariedade.<\/p>\n<p>Em informe, o partido explicou que os fatos aconteceram antes da uni\u00e3o do Pros com o Solidariedade e que ainda n\u00e3o existe uma posi\u00e7\u00e3o.<\/p>\n<p>Est\u00e3o sendo cumpridos<strong>\u00a0sete mandados de pris\u00e3o preventiva, 45 mandados de busca e apreens\u00e3o<\/strong>\u00a0em dois estados (GO e SP) e no DF, bloqueio e indisponibilidade de R$ 36 milh\u00f5es e o sequestro judicial de 33 im\u00f3veis, deferidos atrav\u00e9s da Justi\u00e7a Eleitoral do DF.<\/p>\n<p>Por interm\u00e9dio de Relat\u00f3rios de Intelig\u00eancia Financeira e da an\u00e1lise de presta\u00e7\u00f5es de contas de supostos candidatos, foram localizados ind\u00edcios que apontam para exist\u00eancia de uma planejamento criminosa estruturalmente ordenada com o objetivo de desviar e se apropriar de recursos do Fundo Partid\u00e1rio e Eleitoral, utilizando-se de candidaturas laranjas ao redor do pa\u00eds, de superfaturamento de servi\u00e7os de consultoria jur\u00eddica e desvio de recursos partid\u00e1rios destinados \u00e0 Funda\u00e7\u00e3o de Ordem Social (FOS) \u2013 funda\u00e7\u00e3o do partido.<\/p>\n<p>Os atos de lavagem foram reconhecidos por interm\u00e9dio da constitui\u00e7\u00e3o de empresas de fachada, aquisi\u00e7\u00e3o de im\u00f3veis por interm\u00e9dio de interpostas pessoas, superfaturamento de servi\u00e7os prestados aos candidatos laranjas e ao partido.<\/p>\n<p>Os envolvidos est\u00e3o sendo investigados pelos crimes de planejamento criminosa, lavagem de dinheiro, roubo habilitado, apropria\u00e7\u00e3o ind\u00e9bita, falsidade ideol\u00f3gica eleitoral e apropria\u00e7\u00e3o de recursos destinados ao financiamento eleitoral.<\/p>\n","protected":false},"excerpt":{"rendered":"<p>A\u00a0Pol\u00edcia Federal\u00a0deflagrou na pr\u00f3xima quarta (12) a Opera\u00e7\u00e3o Fundo no Po\u00e7o, com o objetivo de desarticular planejamento criminosa respons\u00e1vel por desviar e se apropriar de recursos do fundo partid\u00e1rio e eleitoral nas elei\u00e7\u00f5es de 2022. As investiga\u00e7\u00f5es tiveram come\u00e7o a contar de den\u00fancia do ent\u00e3o presidente do partido em desfavor de um ex-dirigente suspeito de<\/p>\n","protected":false},"author":1,"featured_media":3378,"comment_status":"closed","ping_status":"closed","sticky":false,"template":"","format":"standard","meta":{"footnotes":""},"categories":[36],"tags":[114],"class_list":{"0":"post-3377","1":"post","2":"type-post","3":"status-publish","4":"format-standard","5":"has-post-thumbnail","7":"category-rede","8":"tag-rede"},"_links":{"self":[{"href":"https:\/\/diarioubatuba.com.br\/index.php?rest_route=\/wp\/v2\/posts\/3377","targetHints":{"allow":["GET"]}}],"collection":[{"href":"https:\/\/diarioubatuba.com.br\/index.php?rest_route=\/wp\/v2\/posts"}],"about":[{"href":"https:\/\/diarioubatuba.com.br\/index.php?rest_route=\/wp\/v2\/types\/post"}],"author":[{"embeddable":true,"href":"https:\/\/diarioubatuba.com.br\/index.php?rest_route=\/wp\/v2\/users\/1"}],"replies":[{"embeddable":true,"href":"https:\/\/diarioubatuba.com.br\/index.php?rest_route=%2Fwp%2Fv2%2Fcomments&post=3377"}],"version-history":[{"count":1,"href":"https:\/\/diarioubatuba.com.br\/index.php?rest_route=\/wp\/v2\/posts\/3377\/revisions"}],"predecessor-version":[{"id":3443,"href":"https:\/\/diarioubatuba.com.br\/index.php?rest_route=\/wp\/v2\/posts\/3377\/revisions\/3443"}],"wp:featuredmedia":[{"embeddable":true,"href":"https:\/\/diarioubatuba.com.br\/index.php?rest_route=\/wp\/v2\/media\/3378"}],"wp:attachment":[{"href":"https:\/\/diarioubatuba.com.br\/index.php?rest_route=%2Fwp%2Fv2%2Fmedia&parent=3377"}],"wp:term":[{"taxonomy":"category","embeddable":true,"href":"https:\/\/diarioubatuba.com.br\/index.php?rest_route=%2Fwp%2Fv2%2Fcategories&post=3377"},{"taxonomy":"post_tag","embeddable":true,"href":"https:\/\/diarioubatuba.com.br\/index.php?rest_route=%2Fwp%2Fv2%2Ftags&post=3377"}],"curies":[{"name":"wp","href":"https:\/\/api.w.org\/{rel}","templated":true}]}}