{"id":3373,"date":"2024-07-23T17:13:46","date_gmt":"2024-07-23T17:13:46","guid":{"rendered":"https:\/\/diarioubatuba.com.br\/2024\/07\/23\/t25-entrevista-patricia-maiolini-jovem-escritora-que-vai-do-misterio-suspense-ao-infantil\/"},"modified":"2024-07-23T18:00:27","modified_gmt":"2024-07-23T18:00:27","slug":"t25-entrevista-patricia-maiolini-jovem-escritora-que-vai-do-misterio-suspense-ao-infantil","status":"publish","type":"post","link":"https:\/\/diarioubatuba.com.br\/?p=3373","title":{"rendered":"T25 Entrevista: Patricia Maiolini, jovem escritora que vai do mist\u00e9rio, suspense ao infantil"},"content":{"rendered":"<\/p>\n<p><strong>Patricia Maiolini<\/strong>, uma jovem autora de 26 anos, nasceu em Campinas, interior de S\u00e3o Paulo, e atualmente reside em Paul\u00ednia, tamb\u00e9m no estado paulista. Al\u00e9m de sua carreira liter\u00e1ria, Patricia \u00e9 confeiteira amadora, psic\u00f3loga e baterista, apresentando uma versatilidade impressionante em suas paix\u00f5es e habilidades. Desde a inf\u00e2ncia, sua tia materna a incentivou a mergulhar no universo dos livros, despertando uma paix\u00e3o atrav\u00e9s da leitura que a acompanharia por toda a vida.<\/p>\n<p>Aos 13 anos, Patricia iniciou a escrever em um blog como um meio de desabafo pessoal. Esse foi o come\u00e7o de sua jornada na escrita, que se impulsionou aos 16 anos quando descobriu a plataforma Wattpad. L\u00e1, ela escreveu e publicou <strong>\u201cO Mist\u00e9rio da Garota Sangrenta\u201d<\/strong>, que rapidamente se tornou um sucesso, alcan\u00e7ando mais de 220 mil leituras. O livro foi destaque na categoria <strong>\u201cMist\u00e9rio\/Suspense\u201d<\/strong> em 2015 e venceu o pr\u00eamio The Wattys na categoria<strong> \u201cTesouros n\u00e3o Descobertos\u201d<\/strong>. Em 2020, este trabalho foi de forma oficial postado atrav\u00e9s da Editora Sinna, consolidando sua presen\u00e7a no cen\u00e1rio liter\u00e1rio.<\/p>\n<p>Al\u00e9m de \u201cO Mist\u00e9rio da Garota Sangrenta\u201d, Patricia tamb\u00e9m \u00e9 autora de<strong> \u201cA Acusada\u201d<\/strong>, <strong>\u201cJulinha, a Corujinha\u201d<\/strong> e de v\u00e1rios contos. Seu talento a levou a fazer parte de v\u00e1rias antologias, como \u201cCinderelas\u201d e \u201cInquebr\u00e1vel\u201d em 2019, e \u201cO Buqu\u00ea da Morte\u201d em 2021, todas atrav\u00e9s da Editora Sinna. Atualmente, Patricia est\u00e1 focada em seu \u00faltimo lan\u00e7amento, um livro infantil intitulado \u201cJulinha, a Corujinha\u201d, que aborda temas como aceita\u00e7\u00e3o das diferen\u00e7as e a necessidade da amizade, prometendo cativar o cora\u00e7\u00e3o dos pequenos leitores.<\/p>\n<p>Vamos a entrevista:<\/p>\n<ol class=\"wp-block-list\">\n<li><strong>Patricia, voc\u00ea poderia nos contar mais sobre como surgiu a inspira\u00e7\u00e3o para escrever seu novo livro infantil \u201cJulinha, a Corujinha\u201d?<\/strong><\/li>\n<\/ol>\n<p>A minha maior inspira\u00e7\u00e3o para escrever Julinha foi unificar minhas paix\u00f5es por corujas e atrav\u00e9s da tem\u00e1tica de pessoas com defici\u00eancia. O bullying tem um fator pessoal envolvido tamb\u00e9m.<br \/>Este livro \u00e9 um grande projeto e tem uma import\u00e2ncia muito significativa em minha vida. \u00c9 um livro que aborda sobre bullying, preconceito contra pessoas com defici\u00eancia (atrav\u00e9s da figura de um animal) e outras tem\u00e1ticas importantes. Fui inspirada a desenvolver uma obra para crian\u00e7as que abordasse estes temas, pois acredito que o autor tamb\u00e9m tem responsabilidades sociais e as palavras s\u00e3o uma ferramenta poderosa de conscientiza\u00e7\u00e3o. A literatura tamb\u00e9m deve ser para todos, por isso decidi tornar este livro bil\u00edngue em braile, para que pessoas com defici\u00eancia visual tamb\u00e9m possam l\u00ea-lo.<\/p>\n<ol class=\"wp-block-list\" start=\"2\">\n<li><strong>Quais desafios voc\u00ea confrontou ao transitar da escrita de mist\u00e9rio\/suspense para a literatura infantil?<\/strong><\/li>\n<\/ol>\n<p>Por incr\u00edvel que pare\u00e7a, n\u00e3o foi t\u00e3o dif\u00edcil quanto eu imaginava que seria. Acho que o maior desafio foi tornar a linguagem o mais acess\u00edvel para que as crian\u00e7as entendam.<\/p>\n<ol class=\"wp-block-list\" start=\"3\">\n<li><strong>Como foi o processo de cria\u00e7\u00e3o e publica\u00e7\u00e3o de \u201cJulinha, a Corujinha\u201d? Houve algo que te surpreendeu durante essa jornada?<\/strong><\/li>\n<\/ol>\n<p>A escrita do livro iniciou-se em 2021, mas foi engavetado at\u00e9 o m\u00eas de novembro de 2023. Com o desafio do NanoWriMo, consegui sair do bloqueio criativo e finalizar para public\u00e1-lo com a editora Sinna. Meu namorado tamb\u00e9m foi essencial para melhorias no enredo, foi a primeira pessoa que leu Julinha.<br \/>Fiquei muito emotiva quando meu livro foi aprovado e t\u00e3o bem avaliado atrav\u00e9s da editora. Lembro que assustei minha av\u00f3 quando contei a not\u00edcia da publica\u00e7\u00e3o, porque chorava tanto que ela pensou que havia algo errado.<br \/>O que mais est\u00e1 me surpreendendo \u00e9 a quantidade de aceita\u00e7\u00e3o deste livro. Dos parceiros que j\u00e1 leram, s\u00f3 recebi cr\u00edticas maravilhosas. Isso me deixa muito empolgada e confiante.<\/p>\n<ol class=\"wp-block-list\" start=\"4\">\n<li><strong>De que maneira sua forma\u00e7\u00e3o em psicologia influencia sua escrita, inclusive em temas t\u00e3o delicados como bullying e aceita\u00e7\u00e3o de diferen\u00e7as?<\/strong><\/li>\n<\/ol>\n<p>Acredito que minhas duas paix\u00f5es se unem, principalmente tratando-se da cria\u00e7\u00e3o dos personagens, emo\u00e7\u00f5es, a\u00e7\u00f5es, etc. A psicologia me traz um olhar humanizado para tem\u00e1ticas muito importantes e que precisam ser debatidas. Meu amor atrav\u00e9s da \u00e1rea social e do segmento de pessoas com defici\u00eancia surgiram na psicologia e eu amplio para a minha escrita. Al\u00e9m do que, costumo dar palestras em escolas, para abordar sobre esses assuntos, conscientizar, incentivar sonhos e inspirar os jovens. Alguns deles se tornaram leitores por minha causa e isso me d\u00e1 muito orgulho.<\/p>\n<ol class=\"wp-block-list\" start=\"5\">\n<li><strong>Voc\u00ea tem planos futuros para mais livros infantis ou pretende explorar outros g\u00eaneros liter\u00e1rios?<\/strong><\/li>\n<\/ol>\n<p>Atualmente, meu plano \u00e9 continuar com meu livro de fantasia, que tamb\u00e9m \u00e9 fora da minha zona de conforto. No entanto surgindo outras inspira\u00e7\u00f5es, farei continuidade na publica\u00e7\u00e3o de infantis, suspenses e contos.<\/p>\n<ol class=\"wp-block-list\" start=\"6\">\n<li><strong>Como a comunidade do Wattpad e suas primeiras experi\u00eancias de escrita online moldaram sua carreira como autora?<\/strong><\/li>\n<\/ol>\n<p>A escrita do Wattpad foi essencial para mim, porque me exibiu que eu era capaz de escrever uma obra, que as pessoas gostaram do que eu criei, me levou leitores muito fi\u00e9is e que me acompanham desde 2014. Atrav\u00e9s da plataforma, pude criar v\u00ednculos com meus leitores e outros escritores, al\u00e9m de come\u00e7ar minhas buscas por publica\u00e7\u00e3o com editoras.<\/p>\n<ol class=\"wp-block-list\" start=\"7\">\n<li><strong>Sendo uma f\u00e3 declarada de Simple Plan, de que forma a m\u00fasica e suas outras paix\u00f5es, como a confeitaria, influenciam seu trabalho liter\u00e1rio?<\/strong><\/li>\n<\/ol>\n<p>Eu sou muito f\u00e3 de Simple Plan, como voc\u00ea mencionou, e emo declarada. Em O Mist\u00e9rio da Garota Sangrenta, at\u00e9 citei em um cap\u00edtulo sobre a banda, pois minhas personagens tamb\u00e9m s\u00e3o f\u00e3s. A maior loucura foi quando eu entreguei pessoalmente para os integrantes o meu livro autografado, e programado o segmento em que eu os citei. Escrevi uma carta falando o quanto me inspiram e a necessidade deles em minha vida.<br \/>A confeitaria j\u00e1 foi usada por mim como um meio de arrecadar verba para publica\u00e7\u00f5es liter\u00e1rias, na faculdade.<br \/>Ainda n\u00e3o tive oportunidade de usar meu interesse por bateria, mas talvez eu fa\u00e7a uma personagem baterista.<\/p>\n<ol class=\"wp-block-list\" start=\"8\">\n<li><strong>Deixe sua mensagem para fechar a entrevista, e para que o mundo saiba o que diz Patricia Maiolini quando ela fala o que pretende.<\/strong><\/li>\n<\/ol>\n<p>Primeiramente, eu gostaria de agradecer por esta oportunidade incr\u00edvel. Foi um prazer!<br \/>Queria trazer uma mensagem para os leitores, n\u00e3o desistam dos seus sonhos. Por mais dif\u00edcil que seja a falta de motiva\u00e7\u00e3o, incentivo e outras quest\u00f5es, voc\u00ea tem capacidade de realiz\u00e1-los.<br \/>Por final, gostaria de convid\u00e1-los a me conhecer e saber mais sobre as minhas obras no Instagram <a href=\"https:\/\/instagram.com\/paty.the.writer\" target=\"_blank\" rel=\"noopener\">@paty.the.writer<\/a> (profissional) \/ <a href=\"https:\/\/instagram.com\/paty_maiolini\" target=\"_blank\" rel=\"noopener\">@paty_maiolini<\/a> (pessoal).<br \/>Muito obrigada!<\/p>\n<p><em>Esta entrevista faz parte de uma s\u00e9rie chamada \u201cEscritores de Paul\u00ednia para o Estado\u201d, feita por Theago Liddell e publicada em mais de 30 cidades do interior paulista, acompanhe todas por aqui e prestigie os novos autores!<\/em><\/p>\n","protected":false},"excerpt":{"rendered":"<p>Patricia Maiolini, uma jovem autora de 26 anos, nasceu em Campinas, interior de S\u00e3o Paulo, e atualmente reside em Paul\u00ednia, tamb\u00e9m no estado paulista. Al\u00e9m de sua carreira liter\u00e1ria, Patricia \u00e9 confeiteira amadora, psic\u00f3loga e baterista, apresentando uma versatilidade impressionante em suas paix\u00f5es e habilidades. Desde a inf\u00e2ncia, sua tia materna a incentivou a mergulhar<\/p>\n","protected":false},"author":1,"featured_media":3374,"comment_status":"closed","ping_status":"closed","sticky":false,"template":"","format":"standard","meta":{"footnotes":""},"categories":[36],"tags":[122,123,124,125,114],"class_list":{"0":"post-3373","1":"post","2":"type-post","3":"status-publish","4":"format-standard","5":"has-post-thumbnail","7":"category-rede","8":"tag-entrevista","9":"tag-escritora","10":"tag-infantil","11":"tag-patricia-maiolini","12":"tag-rede"},"_links":{"self":[{"href":"https:\/\/diarioubatuba.com.br\/index.php?rest_route=\/wp\/v2\/posts\/3373","targetHints":{"allow":["GET"]}}],"collection":[{"href":"https:\/\/diarioubatuba.com.br\/index.php?rest_route=\/wp\/v2\/posts"}],"about":[{"href":"https:\/\/diarioubatuba.com.br\/index.php?rest_route=\/wp\/v2\/types\/post"}],"author":[{"embeddable":true,"href":"https:\/\/diarioubatuba.com.br\/index.php?rest_route=\/wp\/v2\/users\/1"}],"replies":[{"embeddable":true,"href":"https:\/\/diarioubatuba.com.br\/index.php?rest_route=%2Fwp%2Fv2%2Fcomments&post=3373"}],"version-history":[{"count":1,"href":"https:\/\/diarioubatuba.com.br\/index.php?rest_route=\/wp\/v2\/posts\/3373\/revisions"}],"predecessor-version":[{"id":3441,"href":"https:\/\/diarioubatuba.com.br\/index.php?rest_route=\/wp\/v2\/posts\/3373\/revisions\/3441"}],"wp:featuredmedia":[{"embeddable":true,"href":"https:\/\/diarioubatuba.com.br\/index.php?rest_route=\/wp\/v2\/media\/3374"}],"wp:attachment":[{"href":"https:\/\/diarioubatuba.com.br\/index.php?rest_route=%2Fwp%2Fv2%2Fmedia&parent=3373"}],"wp:term":[{"taxonomy":"category","embeddable":true,"href":"https:\/\/diarioubatuba.com.br\/index.php?rest_route=%2Fwp%2Fv2%2Fcategories&post=3373"},{"taxonomy":"post_tag","embeddable":true,"href":"https:\/\/diarioubatuba.com.br\/index.php?rest_route=%2Fwp%2Fv2%2Ftags&post=3373"}],"curies":[{"name":"wp","href":"https:\/\/api.w.org\/{rel}","templated":true}]}}