{"id":3313,"date":"2024-07-23T17:09:44","date_gmt":"2024-07-23T17:09:44","guid":{"rendered":"https:\/\/diarioubatuba.com.br\/2024\/07\/23\/piquerez-lesiona-joelho-e-pode-perder-resto-da-temporada-com-palmeiras\/"},"modified":"2024-07-23T18:59:38","modified_gmt":"2024-07-23T18:59:38","slug":"piquerez-lesiona-joelho-e-pode-perder-resto-da-temporada-com-palmeiras","status":"publish","type":"post","link":"https:\/\/diarioubatuba.com.br\/?p=3313","title":{"rendered":"Piquerez lesiona joelho e pode perder resto da temporada com Palmeiras"},"content":{"rendered":"<\/p>\n<p>\n<?xml encoding=\"utf-8\" ?><?xml encoding=\"utf-8\" ?><?xml encoding=\"utf-8\" ?><?xml encoding=\"utf-8\" ?><?xml encoding=\"utf-8\" ?><?xml encoding=\"utf-8\" ?><?xml encoding=\"utf-8\" ?><?xml encoding=\"utf-8\" ?><?xml encoding=\"utf-8\" ?><?xml encoding=\"utf-8\" ?><?xml encoding=\"utf-8\" ?><?xml encoding=\"utf-8\" ?><?xml encoding=\"utf-8\" ?><?xml encoding=\"utf-8\" ?><?xml encoding=\"utf-8\" ?><?xml encoding=\"utf-8\" ?><\/p>\n<p>O Palmeiras informou, sexta-feira agora (19\/7), que o lateral-esquerdo Piquerez teve ferimento diagnosticada no menisco do joelho esquerdo e ser\u00e1 submetido a um procedimento cir\u00fargico nos pr\u00f3ximos dias. Devido \u00e0 seriedade da contus\u00e3o, o uruguaio pode perder o restante da temporada com o Verd\u00e3o.<\/p>\n<p>Piquerez sentiu a ferimento durante a derrota do Palmeiras para o Botafogo, na \u00faltima quarta-feira (17\/7). Depois de relato do inc\u00f4modo, o lateral-esquerdo foi submetido a exames que diagnosticaram a gravidade do problema.<\/p>\n<p>O esportista j\u00e1 iniciou tratamento no N\u00facleo de Sa\u00fade e Performance do clube. Vanderlan e Caio Paulista disputam quem ir\u00e1 assumir a vaga de Piquerez atrav\u00e9s do restante da temporada no Verd\u00e3o.<\/p>\n<p>Al\u00e9m do uruguaio, Est\u00eav\u00e3o tamb\u00e9m sofreu ferimento durante o confronto contra o Glorioso e n\u00e3o tem previs\u00e3o de retorno ao time principal. O meia-atacante lida com tor\u00e7\u00f5es no joelho e no tornozelo esquerdo.<\/p>\n<\/p>\n<p><i>Fonte: Metropoles<\/i><\/p>\n","protected":false},"excerpt":{"rendered":"<p>O Palmeiras informou, sexta-feira agora (19\/7), que o lateral-esquerdo Piquerez teve ferimento diagnosticada no menisco do joelho esquerdo e ser\u00e1 submetido a um procedimento cir\u00fargico nos pr\u00f3ximos dias. Devido \u00e0 seriedade da contus\u00e3o, o uruguaio pode perder o restante da temporada com o Verd\u00e3o. Piquerez sentiu a ferimento durante a derrota do Palmeiras para o<\/p>\n","protected":false},"author":1,"featured_media":3314,"comment_status":"closed","ping_status":"closed","sticky":false,"template":"","format":"standard","meta":{"footnotes":""},"categories":[31],"tags":[47,37,48],"class_list":{"0":"post-3313","1":"post","2":"type-post","3":"status-publish","4":"format-standard","5":"has-post-thumbnail","7":"category-esportes","8":"tag-campeonato-brasileiro","9":"tag-esportes","10":"tag-palmeiras"},"_links":{"self":[{"href":"https:\/\/diarioubatuba.com.br\/index.php?rest_route=\/wp\/v2\/posts\/3313","targetHints":{"allow":["GET"]}}],"collection":[{"href":"https:\/\/diarioubatuba.com.br\/index.php?rest_route=\/wp\/v2\/posts"}],"about":[{"href":"https:\/\/diarioubatuba.com.br\/index.php?rest_route=\/wp\/v2\/types\/post"}],"author":[{"embeddable":true,"href":"https:\/\/diarioubatuba.com.br\/index.php?rest_route=\/wp\/v2\/users\/1"}],"replies":[{"embeddable":true,"href":"https:\/\/diarioubatuba.com.br\/index.php?rest_route=%2Fwp%2Fv2%2Fcomments&post=3313"}],"version-history":[{"count":1,"href":"https:\/\/diarioubatuba.com.br\/index.php?rest_route=\/wp\/v2\/posts\/3313\/revisions"}],"predecessor-version":[{"id":3568,"href":"https:\/\/diarioubatuba.com.br\/index.php?rest_route=\/wp\/v2\/posts\/3313\/revisions\/3568"}],"wp:featuredmedia":[{"embeddable":true,"href":"https:\/\/diarioubatuba.com.br\/index.php?rest_route=\/wp\/v2\/media\/3314"}],"wp:attachment":[{"href":"https:\/\/diarioubatuba.com.br\/index.php?rest_route=%2Fwp%2Fv2%2Fmedia&parent=3313"}],"wp:term":[{"taxonomy":"category","embeddable":true,"href":"https:\/\/diarioubatuba.com.br\/index.php?rest_route=%2Fwp%2Fv2%2Fcategories&post=3313"},{"taxonomy":"post_tag","embeddable":true,"href":"https:\/\/diarioubatuba.com.br\/index.php?rest_route=%2Fwp%2Fv2%2Ftags&post=3313"}],"curies":[{"name":"wp","href":"https:\/\/api.w.org\/{rel}","templated":true}]}}