{"id":15867,"date":"2026-05-01T21:49:43","date_gmt":"2026-05-01T21:49:43","guid":{"rendered":"https:\/\/diarioubatuba.com.br\/?p=15867"},"modified":"2026-05-01T21:54:32","modified_gmt":"2026-05-01T21:54:32","slug":"michelle-pede-oracao-por-cirurgia-de-bolsonaro","status":"publish","type":"post","link":"https:\/\/diarioubatuba.com.br\/?p=15867","title":{"rendered":"Michelle pede ora\u00e7\u00e3o por cirurgia de Bolsonaro"},"content":{"rendered":"<\/p>\n<p>A ex-primeira-dama Michelle Bolsonaro\u00a0pediu ora\u00e7\u00e3o, sexta-feira agora (1\u00ba\/5), para a cirurgia do ex-presidente Jair Bolsonaro (PL). Bolsonaro vai passar por procedimento de repara\u00e7\u00e3o do manguito rotador e ferimentos associadas. Segundo ela, eles j\u00e1 est\u00e3o a caminho do Hospital DF Star, em Bras\u00edlia.<\/p>\n<p> \u201cQue Deus aben\u00e7oe o nosso dia, amados! J\u00e1 estamos a caminho do hospital. Pe\u00e7o aos meus irm\u00e3os em Cristo que orem pelo procedimento cir\u00fargico do meu galego. Cremos, pela f\u00e9, que j\u00e1 deu tudo certo! O Senhor \u00e9 bom em todo tempo\u201d, afirmou a ex-primeira-dama pelas redes sociais. Veja post:<\/p>\n<p>   Cirurgia de Bolsonaro O ministro Alexandre de Moraes, do Supremo Tribunal Federal (STF), considerou parecer do procurador-geral da Rep\u00fablica, Paulo Gonet, que ressalta existirem exames e relat\u00f3rio fisioterap\u00eautico que indicam a realiza\u00e7\u00e3o do procedimento cir\u00fargico requerido atrav\u00e9s da defesa do ex-presidente.<\/p>\n<p> Os advogados pediram autoriza\u00e7\u00e3o para que o procedimento cir\u00fargico fosse realizada na sexta-feira passada ou s\u00e1bado (25\/4). Mas a decis\u00e3o de Moraes s\u00f3 foi publicada nesta quinta-feira (30\/4).\u00a0<\/p>\n<p><i>Com informa\u00e7\u00f5es Metropoles<\/i><\/p>\n","protected":false},"excerpt":{"rendered":"<p>A ex-primeira-dama Michelle Bolsonaro\u00a0pediu ora\u00e7\u00e3o, sexta-feira agora (1\u00ba\/5), para a cirurgia do ex-presidente Jair Bolsonaro (PL). Bolsonaro vai passar por procedimento de repara\u00e7\u00e3o do manguito rotador e ferimentos associadas. Segundo ela, eles j\u00e1 est\u00e3o a caminho do Hospital DF Star, em Bras\u00edlia. \u201cQue Deus aben\u00e7oe o nosso dia, amados! J\u00e1 estamos a caminho do hospital.<\/p>\n","protected":false},"author":1,"featured_media":15868,"comment_status":"closed","ping_status":"closed","sticky":false,"template":"","format":"standard","meta":{"footnotes":""},"categories":[34],"tags":[135,1547],"class_list":{"0":"post-15867","1":"post","2":"type-post","3":"status-publish","4":"format-standard","5":"has-post-thumbnail","7":"category-brasil","8":"tag-brasil","9":"tag-zzmoscay"},"_links":{"self":[{"href":"https:\/\/diarioubatuba.com.br\/index.php?rest_route=\/wp\/v2\/posts\/15867","targetHints":{"allow":["GET"]}}],"collection":[{"href":"https:\/\/diarioubatuba.com.br\/index.php?rest_route=\/wp\/v2\/posts"}],"about":[{"href":"https:\/\/diarioubatuba.com.br\/index.php?rest_route=\/wp\/v2\/types\/post"}],"author":[{"embeddable":true,"href":"https:\/\/diarioubatuba.com.br\/index.php?rest_route=\/wp\/v2\/users\/1"}],"replies":[{"embeddable":true,"href":"https:\/\/diarioubatuba.com.br\/index.php?rest_route=%2Fwp%2Fv2%2Fcomments&post=15867"}],"version-history":[{"count":1,"href":"https:\/\/diarioubatuba.com.br\/index.php?rest_route=\/wp\/v2\/posts\/15867\/revisions"}],"predecessor-version":[{"id":15869,"href":"https:\/\/diarioubatuba.com.br\/index.php?rest_route=\/wp\/v2\/posts\/15867\/revisions\/15869"}],"wp:featuredmedia":[{"embeddable":true,"href":"https:\/\/diarioubatuba.com.br\/index.php?rest_route=\/wp\/v2\/media\/15868"}],"wp:attachment":[{"href":"https:\/\/diarioubatuba.com.br\/index.php?rest_route=%2Fwp%2Fv2%2Fmedia&parent=15867"}],"wp:term":[{"taxonomy":"category","embeddable":true,"href":"https:\/\/diarioubatuba.com.br\/index.php?rest_route=%2Fwp%2Fv2%2Fcategories&post=15867"},{"taxonomy":"post_tag","embeddable":true,"href":"https:\/\/diarioubatuba.com.br\/index.php?rest_route=%2Fwp%2Fv2%2Ftags&post=15867"}],"curies":[{"name":"wp","href":"https:\/\/api.w.org\/{rel}","templated":true}]}}