{"id":15861,"date":"2026-05-01T19:04:02","date_gmt":"2026-05-01T19:04:02","guid":{"rendered":"https:\/\/diarioubatuba.com.br\/?p=15861"},"modified":"2026-05-01T19:16:42","modified_gmt":"2026-05-01T19:16:42","slug":"conselho-da-cidade-aprova-projeto-para-implantacao-do-cinema-no-shopping-de-ubatuba","status":"publish","type":"post","link":"https:\/\/diarioubatuba.com.br\/?p=15861","title":{"rendered":"Conselho da Cidade aprova projeto para implanta\u00e7\u00e3o do cinema no Shopping de Ubatuba"},"content":{"rendered":"<div id=\"header\">\n<p><span><picture><source media=\"(min-width: 1024px)\" ><source ><\/picture><\/span><span><\/span><\/p>\n<\/p><\/div>\n<div id=\"main-wrapper\">    \t\t<main id=\"main\">    \t\t      \t\t\t  \t\t\t \t \t \t \t\t\t\t\t \t\t\t \t \t\t\t \t  \t\t\t\t \t\t\t\t\t \t     \t\t \t<\/p>\n<div>\n<p>O Conselho da Cidade aprovou, por unanimidade, o projeto de amplia\u00e7\u00e3o do shopping para implanta\u00e7\u00e3o de um cinema anexo ao empreendimento durante reuni\u00e3o extraordin\u00e1ria realizada na quarta-feira, 29, na C\u00e2mara Municipal de Ubatuba. A proposta foi apresentada atrav\u00e9s da Incorporadora concession\u00e1ria da \u00e1rea onde o shopping est\u00e1 instalado. <\/p>\n<p>Conforme o presidente do Conselho, Daniel Corr\u00eaa, a convoca\u00e7\u00e3o extraordin\u00e1ria ocorreu em raz\u00e3o da necessidade de delibera\u00e7\u00e3o sobre o novo projeto protocolado atrav\u00e9s da empresa existe em torno de 15 dias, em substitui\u00e7\u00e3o \u00e0 proposta anteriormente apresentada em 2022. \u201cComo o empreendimento est\u00e1 localizado em \u00e1rea pertencente ao s\u00edtio aeroportu\u00e1rio, classificada como Zona de Interesse Especial do munic\u00edpio, a an\u00e1lise do projeto pelo Conselho da Cidade \u00e9 exigida pela Lei Municipal n\u00ba 711\/1984, que determina a aprecia\u00e7\u00e3o de constru\u00e7\u00f5es e empreendimentos situados nesse per\u00edmetro\u201d, explicou. <\/p>\n<p>Durante a reuni\u00e3o, o projeto foi apresentado aos conselheiros, que deliberaram favoravelmente \u00e0 proposta. Participaram da sess\u00e3o 24 membros do colegiado. <\/p>\n<p>De acordo com o documento, o complicado de cinema contar\u00e1 com tr\u00eas salas e capacidade total para 600 poltronas, constru\u00eddo anexo ao shopping, na \u00e1rea atualmente usada como estacionamento. \u201cA interven\u00e7\u00e3o tamb\u00e9m prev\u00ea altera\u00e7\u00f5es vi\u00e1rias no entorno do empreendimento, com a desativa\u00e7\u00e3o da via diagonal de acesso ao shopping, implanta\u00e7\u00e3o de novas vagas de estacionamento e abertura de uma nova rua na parte posterior do complexo\u201d, pontuou Corr\u00eaa. <\/p>\n<p>Do ponto de vista estrutural, a \u00e1rea do terreno passar\u00e1 de 13.982 m\u00b2 para 23.872 m\u00b2, contando com um sistema de drenagem de impacto hidrol\u00f3gico nulo mediante o uso de reservat\u00f3rios de deten\u00e7\u00e3o <\/p>\n<p>O cronograma para come\u00e7o das obras n\u00e3o foi apresentado durante a reuni\u00e3o. A execu\u00e7\u00e3o do empreendimento \u00e9 de responsabilidade da incorporadora. <\/p>\n<p><em><strong>Fonte: Prefeitura Municipal de Ubatuba\u00a0<\/strong><\/em> \t<\/p>\n<\/div>\n<nav>  \t\t  \t\t\t  \t\t\t  \t<\/nav>\n<p>\t\t  \t\t<\/main>    \t\t  \t\t\t\t\t  \t  \t<\/p>\n<div>\n<h3><\/h3>\n<\/p><\/div>\n<\/p><\/div>\n","protected":false},"excerpt":{"rendered":"<p>O Conselho da Cidade aprovou, por unanimidade, o projeto de amplia\u00e7\u00e3o do shopping para implanta\u00e7\u00e3o de um cinema anexo ao empreendimento durante reuni\u00e3o extraordin\u00e1ria realizada na quarta-feira, 29, na C\u00e2mara Municipal de Ubatuba. A proposta foi apresentada atrav\u00e9s da Incorporadora concession\u00e1ria da \u00e1rea onde o shopping est\u00e1 instalado. Conforme o presidente do Conselho, Daniel Corr\u00eaa,<\/p>\n","protected":false},"author":1,"featured_media":15862,"comment_status":"closed","ping_status":"closed","sticky":false,"template":"","format":"standard","meta":{"footnotes":""},"categories":[33],"tags":[167,163],"class_list":{"0":"post-15861","1":"post","2":"type-post","3":"status-publish","4":"format-standard","5":"has-post-thumbnail","7":"category-ubatuba","8":"tag-cidades","9":"tag-ubatuba"},"_links":{"self":[{"href":"https:\/\/diarioubatuba.com.br\/index.php?rest_route=\/wp\/v2\/posts\/15861","targetHints":{"allow":["GET"]}}],"collection":[{"href":"https:\/\/diarioubatuba.com.br\/index.php?rest_route=\/wp\/v2\/posts"}],"about":[{"href":"https:\/\/diarioubatuba.com.br\/index.php?rest_route=\/wp\/v2\/types\/post"}],"author":[{"embeddable":true,"href":"https:\/\/diarioubatuba.com.br\/index.php?rest_route=\/wp\/v2\/users\/1"}],"replies":[{"embeddable":true,"href":"https:\/\/diarioubatuba.com.br\/index.php?rest_route=%2Fwp%2Fv2%2Fcomments&post=15861"}],"version-history":[{"count":1,"href":"https:\/\/diarioubatuba.com.br\/index.php?rest_route=\/wp\/v2\/posts\/15861\/revisions"}],"predecessor-version":[{"id":15865,"href":"https:\/\/diarioubatuba.com.br\/index.php?rest_route=\/wp\/v2\/posts\/15861\/revisions\/15865"}],"wp:featuredmedia":[{"embeddable":true,"href":"https:\/\/diarioubatuba.com.br\/index.php?rest_route=\/wp\/v2\/media\/15862"}],"wp:attachment":[{"href":"https:\/\/diarioubatuba.com.br\/index.php?rest_route=%2Fwp%2Fv2%2Fmedia&parent=15861"}],"wp:term":[{"taxonomy":"category","embeddable":true,"href":"https:\/\/diarioubatuba.com.br\/index.php?rest_route=%2Fwp%2Fv2%2Fcategories&post=15861"},{"taxonomy":"post_tag","embeddable":true,"href":"https:\/\/diarioubatuba.com.br\/index.php?rest_route=%2Fwp%2Fv2%2Ftags&post=15861"}],"curies":[{"name":"wp","href":"https:\/\/api.w.org\/{rel}","templated":true}]}}