{"id":15858,"date":"2026-05-01T11:14:18","date_gmt":"2026-05-01T11:14:18","guid":{"rendered":"https:\/\/diarioubatuba.com.br\/?p=15858"},"modified":"2026-05-01T11:24:12","modified_gmt":"2026-05-01T11:24:12","slug":"cartorio-eleitoral-tera-plantao-no-feriado-do-dia-do-trabalhador","status":"publish","type":"post","link":"https:\/\/diarioubatuba.com.br\/?p=15858","title":{"rendered":"Cart\u00f3rio eleitoral ter\u00e1 plant\u00e3o no feriado do Dia do Trabalhador"},"content":{"rendered":"<div> \t\t\t\t\t\t \t\t\t\t\t\t\t\t \t\t\t\t<meta itemprop=\"datePublished\" content=\"2026-04-30\"> \t\t\t\t<meta itemprop=\"dateModified\" content=\"2026-04-30\"> \t\t\t\t \t\t\t \t\t\t\t<\/p>\n<p>Cart\u00f3rio eleitoral ter\u00e1 plant\u00e3o no feriado do Dia do Trabalhador<\/p>\n<p><span>Postado em <span>30\/04\/2026<\/span><\/span> \t\t\t\t\t\t\t\t\t\t\t\t\t\t<\/p>\n<figure itemscope>\n<\/figure>\n<div itemprop=\"articleBody\">\n<p>Eleitores de Ubatuba t\u00eam at\u00e9 a pr\u00f3xima quarta-feira, 06, para pedir servi\u00e7os como transfer\u00eancia de domic\u00edlio eleitoral, atualiza\u00e7\u00e3o de dados pessoais, mudan\u00e7a de local de vota\u00e7\u00e3o, regulariza\u00e7\u00e3o do t\u00edtulo e cadastramento biom\u00e9trico. Depois de essa data, o cadastro eleitoral ser\u00e1 fechado para a planejamento das Elei\u00e7\u00f5es 2026.<\/p>\n<p>Durante o momento do feriado do Dia do Trabalhador e do final de semana, o cart\u00f3rio eleitoral funcionar\u00e1 em regime de plant\u00e3o. Nos dias 1\u00ba, 2 e 3 de maio, o atendimento ao p\u00fablico ser\u00e1 das 9h \u00e0s 15h. J\u00e1 nos dias 4, 5 e 6 de maio, o funcionamento ocorrer\u00e1 das 9h \u00e0s 17h, sendo que 6 de maio \u00e9 o \u00faltimo dia para regularizar a situa\u00e7\u00e3o eleitoral.<\/p>\n<p>De acordo com a Justi\u00e7a Eleitoral, at\u00e9 o encerramento do per\u00edodo ainda ser\u00e1 prov\u00e1vel tirar o primeiro t\u00edtulo, transferir o documento para outro munic\u00edpio, atualizar dados cadastrais, alterar o local de vota\u00e7\u00e3o e quitar d\u00e9bitos eleitorais. O TRE-SP orienta o eleitorado a n\u00e3o deixar a regulariza\u00e7\u00e3o para os \u00faltimos dias, com o intu\u00edto de impedir filas, deslocamentos desnecess\u00e1rios e eventuais dificuldades no atendimento.<\/p>\n<p>Al\u00e9m do atendimento presencial, a Justi\u00e7a Eleitoral tamb\u00e9m disponibiliza o Autoatendimento Eleitoral, ferramenta on-line que permite pedir v\u00e1rios servi\u00e7os sem sair de casa. Atrav\u00e9s da plataforma, \u00e9 prov\u00e1vel requerer alistamento eleitoral, transfer\u00eancia, atualiza\u00e7\u00e3o de endere\u00e7o e regulariza\u00e7\u00e3o da situa\u00e7\u00e3o eleitoral. O TRE-SP destaca que, para quem j\u00e1 tem biometria cadastrada, v\u00e1rios servi\u00e7os poder\u00e3o ser feitos atrav\u00e9s da internet; quando a coleta biom\u00e9trica for necess\u00e1ria, a finaliza\u00e7\u00e3o deve ser presencial.<\/p>\n<p>A regulariza\u00e7\u00e3o dentro do per\u00edodo \u00e9 fundamental para assegurar o direito ao voto nas Elei\u00e7\u00f5es 2026. O primeiro turno est\u00e1 agendado para 4 de outubro de 2026, e apenas conseguir\u00e1 votar quem estiver com a situa\u00e7\u00e3o regularizada dentro do momento determinado atrav\u00e9s da Justi\u00e7a Eleitoral.<\/p>\n<p><strong>Atendimento do cart\u00f3rio eleitoral de Ubatuba<\/strong><\/p>\n<ul>\n<li>1\u00ba, 2 e 3 de maio: das 9h \u00e0s 15h<\/li>\n<li>4, 5 e 6 de maio: das 9h \u00e0s 17h<\/li>\n<\/ul>\n<p><strong>Servi\u00e7os que poder\u00e3o ser solicitados at\u00e9 6 de maio<\/strong><\/p>\n<ul>\n<li>transfer\u00eancia de domic\u00edlio eleitoral<\/li>\n<li>atualiza\u00e7\u00e3o de dados pessoais<\/li>\n<li>mudan\u00e7a de local de vota\u00e7\u00e3o<\/li>\n<li>regulariza\u00e7\u00e3o da situa\u00e7\u00e3o eleitoral<\/li>\n<li>cadastramento biom\u00e9trico<\/li>\n<li>emiss\u00e3o do primeiro t\u00edtulo<\/li>\n<\/ul><\/div>\n<\/p><\/div>\n","protected":false},"excerpt":{"rendered":"<p>Cart\u00f3rio eleitoral ter\u00e1 plant\u00e3o no feriado do Dia do Trabalhador Postado em 30\/04\/2026 Eleitores de Ubatuba t\u00eam at\u00e9 a pr\u00f3xima quarta-feira, 06, para pedir servi\u00e7os como transfer\u00eancia de domic\u00edlio eleitoral, atualiza\u00e7\u00e3o de dados pessoais, mudan\u00e7a de local de vota\u00e7\u00e3o, regulariza\u00e7\u00e3o do t\u00edtulo e cadastramento biom\u00e9trico. Depois de essa data, o cadastro eleitoral ser\u00e1 fechado para<\/p>\n","protected":false},"author":1,"featured_media":15859,"comment_status":"closed","ping_status":"closed","sticky":false,"template":"","format":"standard","meta":{"footnotes":""},"categories":[33],"tags":[163],"class_list":{"0":"post-15858","1":"post","2":"type-post","3":"status-publish","4":"format-standard","5":"has-post-thumbnail","7":"category-ubatuba","8":"tag-ubatuba"},"_links":{"self":[{"href":"https:\/\/diarioubatuba.com.br\/index.php?rest_route=\/wp\/v2\/posts\/15858","targetHints":{"allow":["GET"]}}],"collection":[{"href":"https:\/\/diarioubatuba.com.br\/index.php?rest_route=\/wp\/v2\/posts"}],"about":[{"href":"https:\/\/diarioubatuba.com.br\/index.php?rest_route=\/wp\/v2\/types\/post"}],"author":[{"embeddable":true,"href":"https:\/\/diarioubatuba.com.br\/index.php?rest_route=\/wp\/v2\/users\/1"}],"replies":[{"embeddable":true,"href":"https:\/\/diarioubatuba.com.br\/index.php?rest_route=%2Fwp%2Fv2%2Fcomments&post=15858"}],"version-history":[{"count":1,"href":"https:\/\/diarioubatuba.com.br\/index.php?rest_route=\/wp\/v2\/posts\/15858\/revisions"}],"predecessor-version":[{"id":15860,"href":"https:\/\/diarioubatuba.com.br\/index.php?rest_route=\/wp\/v2\/posts\/15858\/revisions\/15860"}],"wp:featuredmedia":[{"embeddable":true,"href":"https:\/\/diarioubatuba.com.br\/index.php?rest_route=\/wp\/v2\/media\/15859"}],"wp:attachment":[{"href":"https:\/\/diarioubatuba.com.br\/index.php?rest_route=%2Fwp%2Fv2%2Fmedia&parent=15858"}],"wp:term":[{"taxonomy":"category","embeddable":true,"href":"https:\/\/diarioubatuba.com.br\/index.php?rest_route=%2Fwp%2Fv2%2Fcategories&post=15858"},{"taxonomy":"post_tag","embeddable":true,"href":"https:\/\/diarioubatuba.com.br\/index.php?rest_route=%2Fwp%2Fv2%2Ftags&post=15858"}],"curies":[{"name":"wp","href":"https:\/\/api.w.org\/{rel}","templated":true}]}}