{"id":15853,"date":"2026-05-01T00:56:19","date_gmt":"2026-05-01T00:56:19","guid":{"rendered":"https:\/\/diarioubatuba.com.br\/?p=15853"},"modified":"2026-05-01T01:00:45","modified_gmt":"2026-05-01T01:00:45","slug":"apos-lesao-arrascaeta-vai-passar-por-cirurgia-na-clavicula-confira","status":"publish","type":"post","link":"https:\/\/diarioubatuba.com.br\/?p=15853","title":{"rendered":"Depois de ferimento, Arrascaeta vai passar por cirurgia na clav\u00edcula. D\u00ea uma olhada"},"content":{"rendered":"<\/p>\n<p>O Flamengo informou em nota oficial na madrugada desta quinta-feira (30\/4) que o jogador Giorgian De Arrascaeta vai passar por uma cirurgia para corre\u00e7\u00e3o da fratura na clav\u00edcula, no Rio de Janeiro.<\/p>\n<p> D\u00ea uma olhada:<\/p>\n<p> O meia ser\u00e1 submetido a cirurgia para corre\u00e7\u00e3o da fratura na clav\u00edcula direita na pr\u00f3xima quinta (30), no Rio de Janeiro. A equipe respons\u00e1vel atrav\u00e9s do procedimento ser\u00e1 composta pelos especialistas Marcio Schiefer, Bruno Tebaldi, al\u00e9m de Fernando Sassaki, chefe do Departamento M\u00e9dico do Flamengo\u00a0 Arrascaeta sofreu a ferimento durante o empate de 1 x 1 contra o Estudiantes, em jogo v\u00e1lido atrav\u00e9s da 3\u00aa rodada da Libertadores, na Argentina. Aos 16 minutos, o camisa 10 do time rubro-negro se chocou com o argentino Gonzalo Piovi e caiu com o bra\u00e7o direito apoiado no ch\u00e3o.<\/p>\n<p> O uruguaio foi atendido dentro de campo, mas sem tardar precisou ser enviado a um hospital local. Depois de o final do duelo, o clube informou que realizou exames de imagem no meio-campista e foi diagnosticado uma fratura na clav\u00edcula direita.<\/p>\n<p>  A not\u00edcia preocupa os torcedores porque o per\u00edodo previsto de recupera\u00e7\u00e3o \u00e9 de dois a tr\u00eas meses. O Flamengo busca o pentacampeonato da Libertadores, e continua na briga atrav\u00e9s da chefia do Campeonato Brasileiro. Para o jogador, a ferimento na clav\u00edcula poder\u00e1 tamb\u00e9m significar a sua aus\u00eancia na Copa do Mundo.<\/p>\n<p> \t\t\t\t\t\t\tReceba not\u00edcias de Esportes no seu WhatsApp e fique por dentro de tudo! Basta entrar o canal de not\u00edcias do Metr\u00f3poles no WhatsApp.<\/p>\n<p> \t\t\t\t\t\t\tPretende ficar por dentro de tudo que rola no mundo dos esportes e receber as not\u00edcias direto no seu celular? Entre no canal de esportes do Metr\u00f3poles no Telegram e n\u00e3o deixe de nos seguir tamb\u00e9m no perfil de esportes do Metr\u00f3poles no Instagram!<\/p>\n<p><i>Com informa\u00e7\u00f5es Metropoles<\/i><\/p>\n","protected":false},"excerpt":{"rendered":"<p>O Flamengo informou em nota oficial na madrugada desta quinta-feira (30\/4) que o jogador Giorgian De Arrascaeta vai passar por uma cirurgia para corre\u00e7\u00e3o da fratura na clav\u00edcula, no Rio de Janeiro. D\u00ea uma olhada: O meia ser\u00e1 submetido a cirurgia para corre\u00e7\u00e3o da fratura na clav\u00edcula direita na pr\u00f3xima quinta (30), no Rio de<\/p>\n","protected":false},"author":1,"featured_media":15854,"comment_status":"closed","ping_status":"closed","sticky":false,"template":"","format":"standard","meta":{"footnotes":""},"categories":[31],"tags":[37],"class_list":{"0":"post-15853","1":"post","2":"type-post","3":"status-publish","4":"format-standard","5":"has-post-thumbnail","7":"category-esportes","8":"tag-esportes"},"_links":{"self":[{"href":"https:\/\/diarioubatuba.com.br\/index.php?rest_route=\/wp\/v2\/posts\/15853","targetHints":{"allow":["GET"]}}],"collection":[{"href":"https:\/\/diarioubatuba.com.br\/index.php?rest_route=\/wp\/v2\/posts"}],"about":[{"href":"https:\/\/diarioubatuba.com.br\/index.php?rest_route=\/wp\/v2\/types\/post"}],"author":[{"embeddable":true,"href":"https:\/\/diarioubatuba.com.br\/index.php?rest_route=\/wp\/v2\/users\/1"}],"replies":[{"embeddable":true,"href":"https:\/\/diarioubatuba.com.br\/index.php?rest_route=%2Fwp%2Fv2%2Fcomments&post=15853"}],"version-history":[{"count":1,"href":"https:\/\/diarioubatuba.com.br\/index.php?rest_route=\/wp\/v2\/posts\/15853\/revisions"}],"predecessor-version":[{"id":15855,"href":"https:\/\/diarioubatuba.com.br\/index.php?rest_route=\/wp\/v2\/posts\/15853\/revisions\/15855"}],"wp:featuredmedia":[{"embeddable":true,"href":"https:\/\/diarioubatuba.com.br\/index.php?rest_route=\/wp\/v2\/media\/15854"}],"wp:attachment":[{"href":"https:\/\/diarioubatuba.com.br\/index.php?rest_route=%2Fwp%2Fv2%2Fmedia&parent=15853"}],"wp:term":[{"taxonomy":"category","embeddable":true,"href":"https:\/\/diarioubatuba.com.br\/index.php?rest_route=%2Fwp%2Fv2%2Fcategories&post=15853"},{"taxonomy":"post_tag","embeddable":true,"href":"https:\/\/diarioubatuba.com.br\/index.php?rest_route=%2Fwp%2Fv2%2Ftags&post=15853"}],"curies":[{"name":"wp","href":"https:\/\/api.w.org\/{rel}","templated":true}]}}