{"id":15847,"date":"2026-04-30T20:06:47","date_gmt":"2026-04-30T20:06:47","guid":{"rendered":"https:\/\/diarioubatuba.com.br\/?p=15847"},"modified":"2026-04-30T20:11:04","modified_gmt":"2026-04-30T20:11:04","slug":"jovem-e-baleado-na-cabeca-em-tentativa-de-homicidio-em-ubatuba","status":"publish","type":"post","link":"https:\/\/diarioubatuba.com.br\/?p=15847","title":{"rendered":"Jovem \u00e9 baleado na cabe\u00e7a em tentativa de homic\u00eddio em Ubatuba"},"content":{"rendered":"<div id=\"header\">\n<p><span><picture><source media=\"(min-width: 1024px)\" ><source ><\/picture><\/span><span><\/span><\/p>\n<\/p><\/div>\n<div id=\"main-wrapper\">    \t\t<main id=\"main\">    \t\t      \t\t\t  \t\t\t \t \t \t \t\t\t\t\t \t\t\t \t \t\t\t \t  \t\t\t\t \t\t\t\t\t \t     \t\t \t<\/p>\n<div>\n<p>Um jovem de 19 anos foi v\u00edtima de uma tentativa de homic\u00eddio na noite de quarta-feira (29), em Ubatuba, no litoral norte paulista. O caso ocorreu por volta das 23h40 na \u00e1rea do bairro Mato Dentro. <\/p>\n<p>Conforme o boletim de ocorr\u00eancia, a v\u00edtima estava conversando com outras pessoas quando dois sujeitos em motos se aproximaram. Em determinado momento, um deles sacou uma arma de fogo e efetuou um disparo, atingindo a cabe\u00e7a do jovem. <\/p>\n<p>A v\u00edtima foi socorrida e levada ao hospital, onde se mant\u00e9m internada. <\/p>\n<p>Testemunhas, incluindo um jovem de 21 anos e um adolescente de 17, relataram \u00e0 pol\u00edcia que n\u00e3o existiu discuss\u00e3o antes do disparo. De acordo com o depoimento, o autor do crime seria conhecido da v\u00edtima, mas a motiva\u00e7\u00e3o ainda \u00e9 desconhecida. <\/p>\n<p>A Pol\u00edcia Civil registrou o caso como tentativa de homic\u00eddio e chamou a per\u00edcia t\u00e9cnica para an\u00e1lise do local. At\u00e9 o momento, ningu\u00e9m foi apreendido. O caso continua sob investiga\u00e7\u00e3o. <\/p>\n<p><em><strong>Reda\u00e7\u00e3o\/Tamoios News<\/strong><\/em> \t<\/p>\n<\/div>\n<nav>  \t\t\t  \t\t    \t\t  \t\t\t  \t\t\t  \t<\/nav>\n<p>\t\t  \t\t<\/main>    \t\t  \t\t\t\t\t  \t  \t<\/p>\n<div>\n<h3><\/h3>\n<\/p><\/div>\n<\/p><\/div>\n","protected":false},"excerpt":{"rendered":"<p>Um jovem de 19 anos foi v\u00edtima de uma tentativa de homic\u00eddio na noite de quarta-feira (29), em Ubatuba, no litoral norte paulista. O caso ocorreu por volta das 23h40 na \u00e1rea do bairro Mato Dentro. Conforme o boletim de ocorr\u00eancia, a v\u00edtima estava conversando com outras pessoas quando dois sujeitos em motos se aproximaram.<\/p>\n","protected":false},"author":1,"featured_media":15848,"comment_status":"closed","ping_status":"closed","sticky":false,"template":"","format":"standard","meta":{"footnotes":""},"categories":[33],"tags":[167,163],"class_list":{"0":"post-15847","1":"post","2":"type-post","3":"status-publish","4":"format-standard","5":"has-post-thumbnail","7":"category-ubatuba","8":"tag-cidades","9":"tag-ubatuba"},"_links":{"self":[{"href":"https:\/\/diarioubatuba.com.br\/index.php?rest_route=\/wp\/v2\/posts\/15847","targetHints":{"allow":["GET"]}}],"collection":[{"href":"https:\/\/diarioubatuba.com.br\/index.php?rest_route=\/wp\/v2\/posts"}],"about":[{"href":"https:\/\/diarioubatuba.com.br\/index.php?rest_route=\/wp\/v2\/types\/post"}],"author":[{"embeddable":true,"href":"https:\/\/diarioubatuba.com.br\/index.php?rest_route=\/wp\/v2\/users\/1"}],"replies":[{"embeddable":true,"href":"https:\/\/diarioubatuba.com.br\/index.php?rest_route=%2Fwp%2Fv2%2Fcomments&post=15847"}],"version-history":[{"count":1,"href":"https:\/\/diarioubatuba.com.br\/index.php?rest_route=\/wp\/v2\/posts\/15847\/revisions"}],"predecessor-version":[{"id":15849,"href":"https:\/\/diarioubatuba.com.br\/index.php?rest_route=\/wp\/v2\/posts\/15847\/revisions\/15849"}],"wp:featuredmedia":[{"embeddable":true,"href":"https:\/\/diarioubatuba.com.br\/index.php?rest_route=\/wp\/v2\/media\/15848"}],"wp:attachment":[{"href":"https:\/\/diarioubatuba.com.br\/index.php?rest_route=%2Fwp%2Fv2%2Fmedia&parent=15847"}],"wp:term":[{"taxonomy":"category","embeddable":true,"href":"https:\/\/diarioubatuba.com.br\/index.php?rest_route=%2Fwp%2Fv2%2Fcategories&post=15847"},{"taxonomy":"post_tag","embeddable":true,"href":"https:\/\/diarioubatuba.com.br\/index.php?rest_route=%2Fwp%2Fv2%2Ftags&post=15847"}],"curies":[{"name":"wp","href":"https:\/\/api.w.org\/{rel}","templated":true}]}}