{"id":15841,"date":"2026-04-30T13:56:12","date_gmt":"2026-04-30T13:56:12","guid":{"rendered":"https:\/\/diarioubatuba.com.br\/?p=15841"},"modified":"2026-04-30T14:03:48","modified_gmt":"2026-04-30T14:03:48","slug":"encerramento-do-defeso-libera-pesca-do-camarao-no-litoral-paulista","status":"publish","type":"post","link":"https:\/\/diarioubatuba.com.br\/?p=15841","title":{"rendered":"Encerramento do defeso libera pesca do camar\u00e3o no litoral paulista"},"content":{"rendered":"<div> \t\t\t\t\t\t \t\t\t\t\t\t\t\t \t\t\t\t<meta itemprop=\"datePublished\" content=\"2026-04-30\"> \t\t\t\t<meta itemprop=\"dateModified\" content=\"2026-04-30\"> \t\t\t\t \t\t\t \t\t\t\t<\/p>\n<p>Encerramento do defeso libera pesca do camar\u00e3o no litoral paulista<\/p>\n<p><span>Postado em <span>30\/04\/2026<\/span><\/span> \t\t\t\t\t\t\t\t\t\t\t\t\t\t<\/p>\n<figure itemscope>\n<\/figure>\n<div itemprop=\"articleBody\">\n<p>A come\u00e7ar desta sexta-feira, 1\u00ba de maio, estar\u00e1 autorizada a pesca de arrasto com tra\u00e7\u00e3o motorizada das esp\u00e9cies camar\u00e3o-rosa, sete-barbas, branco, santana ou vermelho e barba-ru\u00e7a, conforme estabelece a Portaria SAP\/MAPA n\u00ba 656, de 30 de mar\u00e7o de 2022. Para o litoral de S\u00e3o Paulo, o momento de defeso ocorre entre 28 de janeiro e 30 de abril, com o objetivo de proteger a reprodu\u00e7\u00e3o das esp\u00e9cies e assegurar a sustentabilidade dos estoques pesqueiros.<\/p>\n<p>O defeso \u00e9 uma medida essencial de ordenamento pesqueiro e conserva\u00e7\u00e3o ambiental. Durante esse intervalo, a captura dessas esp\u00e9cies fica restrita para permitir a manuten\u00e7\u00e3o do ciclo reprodutivo e o equil\u00edbrio dos ecossistemas marinhos. No momento, pescadores profissionais artesanais podem ter acesso ao Seguro-Defeso, benef\u00edcio de apoio \u00e0 renda vinculado \u00e0 paralisa\u00e7\u00e3o tempor\u00e1ria da atividade, como tamb\u00e9m destacou a Prefeitura de Ubatuba ao divulgar o come\u00e7o do defeso neste ano.<\/p>\n<p>Em Ubatuba, a retomada da pesca tem impacto direto sobre a economia local. A atividade camaroeira movimenta diferentes etapas da cadeia produtiva, desde a captura at\u00e9 o beneficiamento e a comercializa\u00e7\u00e3o, contribuindo para a gera\u00e7\u00e3o de emprego e renda de numerosas fam\u00edlias ligadas \u00e0 pesca artesanal e ao com\u00e9rcio de pescado. O munic\u00edpio preserva no Mercado Municipal de Peixes, na Ilha dos Pescadores, um dos principais pontos de escoamento e venda da produ\u00e7\u00e3o local. O espa\u00e7o continua em funcionamento de segunda a s\u00e1bado, das 7h \u00e0s 18h, e aos domingos, das 7h \u00e0s 14h.<\/p>\n<p>\u201cA autoriza\u00e7\u00e3o para a retomada da pesca do camar\u00e3o \u00e9 muito aguardada pelos pescadores, porque se trata de uma atividade tradicional e de grande import\u00e2ncia para Ubatuba. Ao mesmo tempo, \u00e9 fundamental reconhecer a import\u00e2ncia do defeso, que garante a preserva\u00e7\u00e3o das esp\u00e9cies e a continuidade da atividade de forma sustent\u00e1vel\u201d, destacou o secret\u00e1rio adjunto de Agricultura e Pesca, Jos\u00e9 Mario Nespoli Mariko.<\/p>\n<\/p><\/div>\n<\/p><\/div>\n","protected":false},"excerpt":{"rendered":"<p>Encerramento do defeso libera pesca do camar\u00e3o no litoral paulista Postado em 30\/04\/2026 A come\u00e7ar desta sexta-feira, 1\u00ba de maio, estar\u00e1 autorizada a pesca de arrasto com tra\u00e7\u00e3o motorizada das esp\u00e9cies camar\u00e3o-rosa, sete-barbas, branco, santana ou vermelho e barba-ru\u00e7a, conforme estabelece a Portaria SAP\/MAPA n\u00ba 656, de 30 de mar\u00e7o de 2022. Para o litoral<\/p>\n","protected":false},"author":1,"featured_media":15842,"comment_status":"closed","ping_status":"closed","sticky":false,"template":"","format":"standard","meta":{"footnotes":""},"categories":[33],"tags":[163],"class_list":{"0":"post-15841","1":"post","2":"type-post","3":"status-publish","4":"format-standard","5":"has-post-thumbnail","7":"category-ubatuba","8":"tag-ubatuba"},"_links":{"self":[{"href":"https:\/\/diarioubatuba.com.br\/index.php?rest_route=\/wp\/v2\/posts\/15841","targetHints":{"allow":["GET"]}}],"collection":[{"href":"https:\/\/diarioubatuba.com.br\/index.php?rest_route=\/wp\/v2\/posts"}],"about":[{"href":"https:\/\/diarioubatuba.com.br\/index.php?rest_route=\/wp\/v2\/types\/post"}],"author":[{"embeddable":true,"href":"https:\/\/diarioubatuba.com.br\/index.php?rest_route=\/wp\/v2\/users\/1"}],"replies":[{"embeddable":true,"href":"https:\/\/diarioubatuba.com.br\/index.php?rest_route=%2Fwp%2Fv2%2Fcomments&post=15841"}],"version-history":[{"count":1,"href":"https:\/\/diarioubatuba.com.br\/index.php?rest_route=\/wp\/v2\/posts\/15841\/revisions"}],"predecessor-version":[{"id":15843,"href":"https:\/\/diarioubatuba.com.br\/index.php?rest_route=\/wp\/v2\/posts\/15841\/revisions\/15843"}],"wp:featuredmedia":[{"embeddable":true,"href":"https:\/\/diarioubatuba.com.br\/index.php?rest_route=\/wp\/v2\/media\/15842"}],"wp:attachment":[{"href":"https:\/\/diarioubatuba.com.br\/index.php?rest_route=%2Fwp%2Fv2%2Fmedia&parent=15841"}],"wp:term":[{"taxonomy":"category","embeddable":true,"href":"https:\/\/diarioubatuba.com.br\/index.php?rest_route=%2Fwp%2Fv2%2Fcategories&post=15841"},{"taxonomy":"post_tag","embeddable":true,"href":"https:\/\/diarioubatuba.com.br\/index.php?rest_route=%2Fwp%2Fv2%2Ftags&post=15841"}],"curies":[{"name":"wp","href":"https:\/\/api.w.org\/{rel}","templated":true}]}}