{"id":15838,"date":"2026-04-30T05:10:34","date_gmt":"2026-04-30T05:10:34","guid":{"rendered":"https:\/\/diarioubatuba.com.br\/?p=15838"},"modified":"2026-04-30T05:22:28","modified_gmt":"2026-04-30T05:22:28","slug":"ubatuba-inicia-pesquisa-para-mapear-perfil-de-turistas","status":"publish","type":"post","link":"https:\/\/diarioubatuba.com.br\/?p=15838","title":{"rendered":"Ubatuba inicia pesquisa para mapear perfil de turistas"},"content":{"rendered":"<div>\n<p>Ubatuba deu come\u00e7o a uma Pesquisa de Demanda Tur\u00edstica com o objetivo de compreender melhor o perfil dos visitantes, h\u00e1bitos de consumo e a avalia\u00e7\u00e3o da experi\u00eancia no munic\u00edpio. A iniciativa, segundo a prefeitura, \u00e9 conduzida atrav\u00e9s da Secretaria de Turismo (Setur) e integra as estrat\u00e9gias de fortalecimento do Observat\u00f3rio Municipal do Turismo.<\/p>\n<p>A gest\u00e3o informou que o levantamento busca unir dados que sirvam de base para o planejamento de pol\u00edticas p\u00fablicas, habilita\u00e7\u00e3o dos servi\u00e7os tur\u00edsticos, planejamento de eventos e defini\u00e7\u00e3o de investimentos no setor. A proposta tamb\u00e9m amplia a base de informa\u00e7\u00f5es usada no monitoramento da atividade tur\u00edstica local, contribuindo para decis\u00f5es mais assertivas tanto do poder p\u00fablico quanto da iniciativa privada.<\/p>\n<p>A estrutura voltada \u00e0 coleta, processamento e an\u00e1lise de dados estrat\u00e9gicos permite acompanhar de forma cont\u00ednua a din\u00e2mica do turismo no munic\u00edpio, transformando informa\u00e7\u00f5es em indicadores que orientam o crescimento do setor.<\/p>\n<p>As informa\u00e7\u00f5es coletados podem ter papel relevante no planejamento e acompanhamento das a\u00e7\u00f5es tur\u00edsticas, al\u00e9m de servirem como refer\u00eancia para \u00f3rg\u00e3os p\u00fablicos, institui\u00e7\u00f5es de ensino, imprensa e investidores interessados no munic\u00edpio.<\/p>\n<p>Conforme a prefeitura, a pesquisa ainda contribuir\u00e1 para a composi\u00e7\u00e3o de indicadores t\u00e9cnicos exigidos em programas estaduais, como o ranqueamento das est\u00e2ncias tur\u00edsticas, ampliando a capacidade de Ubatuba em entrar recursos e investimentos. A iniciativa \u00e9 realizada em colabora\u00e7\u00e3o com o Cons\u00f3rcio Circuito Litoral Norte.<\/p>\n<\/p><\/div>\n<p><i>Com informa\u00e7\u00f5es de R\u00e1dio Costa Azul FM<\/i><\/p>\n","protected":false},"excerpt":{"rendered":"<p>Ubatuba deu come\u00e7o a uma Pesquisa de Demanda Tur\u00edstica com o objetivo de compreender melhor o perfil dos visitantes, h\u00e1bitos de consumo e a avalia\u00e7\u00e3o da experi\u00eancia no munic\u00edpio. A iniciativa, segundo a prefeitura, \u00e9 conduzida atrav\u00e9s da Secretaria de Turismo (Setur) e integra as estrat\u00e9gias de fortalecimento do Observat\u00f3rio Municipal do Turismo. A gest\u00e3o<\/p>\n","protected":false},"author":1,"featured_media":15839,"comment_status":"closed","ping_status":"closed","sticky":false,"template":"","format":"standard","meta":{"footnotes":""},"categories":[33],"tags":[163],"class_list":{"0":"post-15838","1":"post","2":"type-post","3":"status-publish","4":"format-standard","5":"has-post-thumbnail","7":"category-ubatuba","8":"tag-ubatuba"},"_links":{"self":[{"href":"https:\/\/diarioubatuba.com.br\/index.php?rest_route=\/wp\/v2\/posts\/15838","targetHints":{"allow":["GET"]}}],"collection":[{"href":"https:\/\/diarioubatuba.com.br\/index.php?rest_route=\/wp\/v2\/posts"}],"about":[{"href":"https:\/\/diarioubatuba.com.br\/index.php?rest_route=\/wp\/v2\/types\/post"}],"author":[{"embeddable":true,"href":"https:\/\/diarioubatuba.com.br\/index.php?rest_route=\/wp\/v2\/users\/1"}],"replies":[{"embeddable":true,"href":"https:\/\/diarioubatuba.com.br\/index.php?rest_route=%2Fwp%2Fv2%2Fcomments&post=15838"}],"version-history":[{"count":1,"href":"https:\/\/diarioubatuba.com.br\/index.php?rest_route=\/wp\/v2\/posts\/15838\/revisions"}],"predecessor-version":[{"id":15840,"href":"https:\/\/diarioubatuba.com.br\/index.php?rest_route=\/wp\/v2\/posts\/15838\/revisions\/15840"}],"wp:featuredmedia":[{"embeddable":true,"href":"https:\/\/diarioubatuba.com.br\/index.php?rest_route=\/wp\/v2\/media\/15839"}],"wp:attachment":[{"href":"https:\/\/diarioubatuba.com.br\/index.php?rest_route=%2Fwp%2Fv2%2Fmedia&parent=15838"}],"wp:term":[{"taxonomy":"category","embeddable":true,"href":"https:\/\/diarioubatuba.com.br\/index.php?rest_route=%2Fwp%2Fv2%2Fcategories&post=15838"},{"taxonomy":"post_tag","embeddable":true,"href":"https:\/\/diarioubatuba.com.br\/index.php?rest_route=%2Fwp%2Fv2%2Ftags&post=15838"}],"curies":[{"name":"wp","href":"https:\/\/api.w.org\/{rel}","templated":true}]}}