{"id":15834,"date":"2026-04-29T22:53:09","date_gmt":"2026-04-29T22:53:09","guid":{"rendered":"https:\/\/diarioubatuba.com.br\/?p=15834"},"modified":"2026-04-29T23:45:40","modified_gmt":"2026-04-29T23:45:40","slug":"litoral-norte-aguarda-quase-160-mil-veiculos-no-feriado-do-dia-do-trabalhador","status":"publish","type":"post","link":"https:\/\/diarioubatuba.com.br\/?p=15834","title":{"rendered":"Litoral Norte aguarda quase 160 mil ve\u00edculos no feriado do Dia do Trabalhador"},"content":{"rendered":"<p>A expectativa para este feriad\u00e3o do Dia do Trabalhador \u00e9 de fluxo intenso na Pista dos Tamoios. Entre os dias 30 de abril e 4 de maio, a concession\u00e1ria respons\u00e1vel atrav\u00e9s da via estima que em torno de 158 mil ve\u00edculos utilizem o corredor que une o Vale do Para\u00edba \u00e0s praias de Caraguatatuba, S\u00e3o Sebasti\u00e3o, Ilhabela e Ubatuba.<\/p>\n<p>Os hor\u00e1rios de maior movimento j\u00e1 est\u00e3o mapeados. No na dire\u00e7\u00e3o do litoral, a concentra\u00e7\u00e3o come\u00e7a na pr\u00f3xima quinta (30), com in\u00edcio das 16h, e continua na sexta-feira (1\u00ba), das 6h \u00e0s 14h. No retorno para S\u00e3o Jos\u00e9 dos Campos, a previs\u00e3o \u00e9 de tr\u00e1fego carregado no domingo (3), com in\u00edcio das 10h, e na segunda-feira (4), entre 6h e 12h.<\/p>\n<p>Para absorver o aumento da demanda, a concession\u00e1ria preparou uma opera\u00e7\u00e3o especial que inclui refor\u00e7o de equipes, disponibilidade extra de guinchos e possibilidade de acionamento da Opera\u00e7\u00e3o Papa Filas nas pra\u00e7as de ped\u00e1gio tradicionais.<\/p>\n<p><strong>Tags para diminuir filas<\/strong><\/p>\n<p>A recomenda\u00e7\u00e3o para quem vai pegar a estrada \u00e9 usar cabines autom\u00e1ticas com tags como Veloe, ConectCar, Move Mais, Taggy ou Sem Parar. Al\u00e9m do que, todas as pra\u00e7as contam com cabines de autoatendimento que aceitam pagamento por aproxima\u00e7\u00e3o com cart\u00f5es e celulares.<\/p>\n<p>No Contorno Sul, o ped\u00e1gio j\u00e1 funciona no modelo eletr\u00f4nico (free flow), no km 13,5, com tarifa b\u00e1sica de R$ 5,50 nos dois sentidos. O sistema permite a passagem sem parada, com cobran\u00e7a autom\u00e1tica para quem tem TAG. Quem n\u00e3o tem o dispositivo pode consultar a placa do ve\u00edculo e efetuar o pagamento subsequentemente atrav\u00e9s do site ou App da concession\u00e1ria, al\u00e9m dos totens f\u00edsicos dispon\u00edveis no segmento.<\/p>\n<p><strong>Obras suspensas e t\u00faneis liberados<\/strong><\/p>\n<p>Para melhorar a fluidez do tr\u00e1fego, as obras estar\u00e3o suspensas nos dias cr\u00edticos. No na dire\u00e7\u00e3o do litoral, as interven\u00e7\u00f5es param de quinta (30) a domingo (3). No sentido S\u00e3o Jos\u00e9 dos Campos, a suspens\u00e3o ocorre de sexta (1\u00ba) at\u00e9 14h de segunda (4).<\/p>\n<p>Outro momento importante \u00e9 que n\u00e3o haver\u00e1 fechamento noturno para manuten\u00e7\u00e3o dos t\u00faneis entre 30 de abril e 3 de maio, medida que contribui para manter a pista plenamente operacional durante o feriado.<\/p>\n<p><strong>Como a pista estar\u00e1 configurada<\/strong><\/p>\n<p>Durante a opera\u00e7\u00e3o, a serra antiga funcionar\u00e1 como pista de descida (S\u00e3o Jos\u00e9 dos Campos \u2192 Caraguatatuba), enquanto a serra nova ser\u00e1 usada para a subida (Caraguatatuba \u2192 S\u00e3o Jos\u00e9 dos Campos).<\/p>\n<p>Os motoristas que chegam ao litoral podem entrar os contornos Norte e Sul na altura do km 82, ponto estrat\u00e9gico para quem continua para Massagua\u00e7u\/Ubatuba ou para S\u00e3o Sebasti\u00e3o, nesta ordem. A concession\u00e1ria alerta que, em caso de congestionamentos fora do segmento sob sua gest\u00e3o \u2014 em particular na chegada \u00e0 Massagua\u00e7u e a S\u00e3o Sebasti\u00e3o \u2014 conseguir\u00e1 haver bloqueios preventivos antes dos t\u00faneis, impedindo que os ve\u00edculos fiquem parados dentro deles.<\/p>\n<p> Litoral Norte aguarda quase 160 mil ve\u00edculos no feriado do Dia do Trabalhador <\/p>\n<p><i>Com informa\u00e7\u00f5es de NovaImprensa<\/i><\/p>\n","protected":false},"excerpt":{"rendered":"<p>A expectativa para este feriad\u00e3o do Dia do Trabalhador \u00e9 de fluxo intenso na Pista dos Tamoios. Entre os dias 30 de abril e 4 de maio, a concession\u00e1ria respons\u00e1vel atrav\u00e9s da via estima que em torno de 158 mil ve\u00edculos utilizem o corredor que une o Vale do Para\u00edba \u00e0s praias de Caraguatatuba, S\u00e3o<\/p>\n","protected":false},"author":1,"featured_media":15835,"comment_status":"closed","ping_status":"closed","sticky":false,"template":"","format":"standard","meta":{"footnotes":""},"categories":[33],"tags":[216,167,65,170,212,173,163],"class_list":{"0":"post-15834","1":"post","2":"type-post","3":"status-publish","4":"format-standard","5":"has-post-thumbnail","7":"category-ubatuba","8":"tag-caraguatatuba","9":"tag-cidades","10":"tag-destaques","11":"tag-ilhabela","12":"tag-sao-sebastiao","13":"tag-turismo","14":"tag-ubatuba"},"_links":{"self":[{"href":"https:\/\/diarioubatuba.com.br\/index.php?rest_route=\/wp\/v2\/posts\/15834","targetHints":{"allow":["GET"]}}],"collection":[{"href":"https:\/\/diarioubatuba.com.br\/index.php?rest_route=\/wp\/v2\/posts"}],"about":[{"href":"https:\/\/diarioubatuba.com.br\/index.php?rest_route=\/wp\/v2\/types\/post"}],"author":[{"embeddable":true,"href":"https:\/\/diarioubatuba.com.br\/index.php?rest_route=\/wp\/v2\/users\/1"}],"replies":[{"embeddable":true,"href":"https:\/\/diarioubatuba.com.br\/index.php?rest_route=%2Fwp%2Fv2%2Fcomments&post=15834"}],"version-history":[{"count":1,"href":"https:\/\/diarioubatuba.com.br\/index.php?rest_route=\/wp\/v2\/posts\/15834\/revisions"}],"predecessor-version":[{"id":15836,"href":"https:\/\/diarioubatuba.com.br\/index.php?rest_route=\/wp\/v2\/posts\/15834\/revisions\/15836"}],"wp:featuredmedia":[{"embeddable":true,"href":"https:\/\/diarioubatuba.com.br\/index.php?rest_route=\/wp\/v2\/media\/15835"}],"wp:attachment":[{"href":"https:\/\/diarioubatuba.com.br\/index.php?rest_route=%2Fwp%2Fv2%2Fmedia&parent=15834"}],"wp:term":[{"taxonomy":"category","embeddable":true,"href":"https:\/\/diarioubatuba.com.br\/index.php?rest_route=%2Fwp%2Fv2%2Fcategories&post=15834"},{"taxonomy":"post_tag","embeddable":true,"href":"https:\/\/diarioubatuba.com.br\/index.php?rest_route=%2Fwp%2Fv2%2Ftags&post=15834"}],"curies":[{"name":"wp","href":"https:\/\/api.w.org\/{rel}","templated":true}]}}