{"id":15832,"date":"2026-04-29T22:53:04","date_gmt":"2026-04-29T22:53:04","guid":{"rendered":"https:\/\/diarioubatuba.com.br\/?p=15832"},"modified":"2026-04-29T23:56:13","modified_gmt":"2026-04-29T23:56:13","slug":"cicero-lucena-escolhe-diogo-lima-como-vice-para-governo-na-paraiba","status":"publish","type":"post","link":"https:\/\/diarioubatuba.com.br\/?p=15832","title":{"rendered":"C\u00edcero Lucena escolhe Diogo Lima como vice para governo na Para\u00edba"},"content":{"rendered":"<\/p>\n<p>A corrida eleitoral na Para\u00edba se aproxima da consolida\u00e7\u00e3o com o an\u00fancio feito atrav\u00e9s do ex-prefeito de Jo\u00e3o Pessoa e pr\u00e9-candidato ao governo, C\u00edcero Lucena (MDB), que oficializou a escolha de Diogo Cunha Lima (PSD) como candidato a vice-governador em sua chapa para as elei\u00e7\u00f5es de outubro.<\/p>\n<p> Lima age como empres\u00e1rio na Para\u00edba e \u00e9 filho do ex-governador do estado, C\u00e1ssio Cunha Lima, tamb\u00e9m filiado ao Partido Social Democr\u00e1tico (PSD).<\/p>\n<p> O an\u00fancio foi feito em acontecimento feito atrav\u00e9s do PSD na Para\u00edba nesta segunda-feira (27\/4). Na ocasi\u00e3o, Lucena celebrou a decis\u00e3o ao lado do pr\u00e9-candidato a vice, que, por sua vez, afirmou estar \u201cpronto\u201d e \u201cquerendo trabalhar\u201d para o estado da Para\u00edba.<\/p>\n<p> Durante o encontro, a legenda tamb\u00e9m reiterou o suporte ao senador apoiador da base do presidente Luiz In\u00e1cio Lula da Silva (PT), Veneziano Vital do R\u00eago (MDB), para concorrer ao Senado atrav\u00e9s do estado. O an\u00fancio foi feito atrav\u00e9s do deputado federal Pedro Cunha Lima (PSD), que \u00e9 irm\u00e3o de Diogo Cunha Lima e presidente do PSD no estado.<\/p>\n<p> Ele tamb\u00e9m anunciou o deputado estadual Andr\u00e9 Gadelha (MDB) como o segundo candidato ao Senado atrav\u00e9s da legenda. A decis\u00e3o consolida a alian\u00e7a entre PSD e MDB na Para\u00edba, e acirra a corrida atrav\u00e9s do Senado.<\/p>\n<p>  Disputa eleitoral na Para\u00edba  C\u00edcero Lucena (MDB) oficializa Diogo Cunha Lima (PSD) como vice, consolidando sua chapa ao governo da Para\u00edba: an\u00fancio ocorreu em acontecimento do PSD, com sinaliza\u00e7\u00e3o de alian\u00e7a firme entre os partidos; PSD e MDB tamb\u00e9m definem apoio ao Senado: Veneziano Vital do R\u00eago e Andr\u00e9 Gadelha. Decis\u00e3o fortalece a coliga\u00e7\u00e3o e aumenta a disputa pelas vagas na Casa Alta; Chapa de Lucena pressiona o governador Lucas Ribeiro (PP), que ainda n\u00e3o estabeleceu vice: ambos lideram pesquisas e representam embate entre PT e Centr\u00e3o no estado; Disputa ao Senado gera tens\u00e3o na base governista e pode favorecer um outsider: divis\u00e3o entre apoiadores abre espa\u00e7o para crescimento de Marcelo Queiroga (PL).     Press\u00e3o no advers\u00e1rio  Com os destaques da chapa de Lucena para as elei\u00e7\u00f5es de outubro, a press\u00e3o recai sobre o governador Lucas Ribeiro (PP), pr\u00e9-candidato a reelei\u00e7\u00e3o. Ambos lideram as pesquisas de inten\u00e7\u00e3o de voto e tamb\u00e9m est\u00e3o no radar de uma disputa entre o PT e o Centr\u00e3o no estado.<\/p>\n<p> Ribeiro \u00e9 o atual governador da Para\u00edba e assumiu a cadeira depois de Jo\u00e3o Azevedo (PSB) renunciar ao cargo para concorrer ao Senado Federal. Seu nome \u00e9 apoiado atrav\u00e9s do Partido dos Trabalhadores (PT) e j\u00e1 recebeu acenos do presidente Lula.<\/p>\n<p> Embora a chapa de Ribeiro n\u00e3o tenha fechado nome para vice-governador, a legenda j\u00e1 tem os dois nomes definidos para o Senado: o ex-governador Jo\u00e3o Azevedo (PSB) e Nabor Wanderley (Republicanos), que \u00e9 pai do presidente da C\u00e2mara dos Deputados, Hugo Motta (Republicanos-PB).<\/p>\n<p> Os arranjos fechados atrav\u00e9s da legenda para o Senado testam a influ\u00eancia de Lula e de Hugo Motta na disputa.<\/p>\n<p>  Corrida para o Senado na Para\u00edba A disputa para o Senado na Para\u00edba tensiona a estrat\u00e9gia do governo no estado. Isso, porque Lula j\u00e1 fez acenos a Jo\u00e3o Azevedo, Nabor Wanderley e Veneziano Vital do R\u00eago para o Senado. Vale destacar, no entanto, que somente Azevedo tem apoio formal do PT. Os acenos de Lula ao outros dois pr\u00e9-candidatos causaram ru\u00eddos nos arranjos pol\u00edticos, no estado.<\/p>\n<p> Al\u00e9m de terem somente duas vagas para a Casa, Veneziano \u00e9 o nome que comp\u00f5e a chapa de C\u00edcero Lucena, que disputa o governo paraibano com Lucas Ribeiro, pr\u00e9-candidato que tem o suporte do PT. A decis\u00e3o do partido, entretanto, gera certo desconforto na base governista, j\u00e1 que o PP rompeu com Lula e se posiciona hoje como um dos principais partidos do Centr\u00e3o.<\/p>\n<p> Por outro lado, pesquisas mostram Azevedo como favorito a uma das vagas ao Senado, o que, de certa forma, preserva a influ\u00eancia petista no governo paraibano, mas amplia a disputa entre Nabor e Veneziano, que dividem votos para a segunda vaga.<\/p>\n<p> A avalia\u00e7\u00e3o de especialistas \u00e9 que uma disputa direta entre os dois pode acabar favorecendo um quarto candidato, o ex-ministro da Sa\u00fade Marcelo Queiroga (PL). Fora das alian\u00e7as que o governo tenta fazer na Para\u00edba, Queiroga pode ser beneficiado com a divis\u00e3o de votos entre Nabor e Veneziano.<\/p>\n<p><i>Com informa\u00e7\u00f5es Metropoles<\/i><\/p>\n","protected":false},"excerpt":{"rendered":"<p>A corrida eleitoral na Para\u00edba se aproxima da consolida\u00e7\u00e3o com o an\u00fancio feito atrav\u00e9s do ex-prefeito de Jo\u00e3o Pessoa e pr\u00e9-candidato ao governo, C\u00edcero Lucena (MDB), que oficializou a escolha de Diogo Cunha Lima (PSD) como candidato a vice-governador em sua chapa para as elei\u00e7\u00f5es de outubro. Lima age como empres\u00e1rio na Para\u00edba e \u00e9<\/p>\n","protected":false},"author":1,"featured_media":15833,"comment_status":"closed","ping_status":"closed","sticky":false,"template":"","format":"standard","meta":{"footnotes":""},"categories":[34],"tags":[135,1547],"class_list":{"0":"post-15832","1":"post","2":"type-post","3":"status-publish","4":"format-standard","5":"has-post-thumbnail","7":"category-brasil","8":"tag-brasil","9":"tag-zzmoscay"},"_links":{"self":[{"href":"https:\/\/diarioubatuba.com.br\/index.php?rest_route=\/wp\/v2\/posts\/15832","targetHints":{"allow":["GET"]}}],"collection":[{"href":"https:\/\/diarioubatuba.com.br\/index.php?rest_route=\/wp\/v2\/posts"}],"about":[{"href":"https:\/\/diarioubatuba.com.br\/index.php?rest_route=\/wp\/v2\/types\/post"}],"author":[{"embeddable":true,"href":"https:\/\/diarioubatuba.com.br\/index.php?rest_route=\/wp\/v2\/users\/1"}],"replies":[{"embeddable":true,"href":"https:\/\/diarioubatuba.com.br\/index.php?rest_route=%2Fwp%2Fv2%2Fcomments&post=15832"}],"version-history":[{"count":1,"href":"https:\/\/diarioubatuba.com.br\/index.php?rest_route=\/wp\/v2\/posts\/15832\/revisions"}],"predecessor-version":[{"id":15837,"href":"https:\/\/diarioubatuba.com.br\/index.php?rest_route=\/wp\/v2\/posts\/15832\/revisions\/15837"}],"wp:featuredmedia":[{"embeddable":true,"href":"https:\/\/diarioubatuba.com.br\/index.php?rest_route=\/wp\/v2\/media\/15833"}],"wp:attachment":[{"href":"https:\/\/diarioubatuba.com.br\/index.php?rest_route=%2Fwp%2Fv2%2Fmedia&parent=15832"}],"wp:term":[{"taxonomy":"category","embeddable":true,"href":"https:\/\/diarioubatuba.com.br\/index.php?rest_route=%2Fwp%2Fv2%2Fcategories&post=15832"},{"taxonomy":"post_tag","embeddable":true,"href":"https:\/\/diarioubatuba.com.br\/index.php?rest_route=%2Fwp%2Fv2%2Ftags&post=15832"}],"curies":[{"name":"wp","href":"https:\/\/api.w.org\/{rel}","templated":true}]}}