{"id":15829,"date":"2026-04-29T21:52:29","date_gmt":"2026-04-29T21:52:29","guid":{"rendered":"https:\/\/diarioubatuba.com.br\/?p=15829"},"modified":"2026-04-29T22:03:00","modified_gmt":"2026-04-29T22:03:00","slug":"casais-que-desejam-participar-do-casamento-comunitario-em-ubatuba-ja-podem-se-inscrever","status":"publish","type":"post","link":"https:\/\/diarioubatuba.com.br\/?p=15829","title":{"rendered":"Casais que desejam fazer parte do casamento comunit\u00e1rio em Ubatuba j\u00e1 podem se cadastrar"},"content":{"rendered":"<div id=\"header\">\n<p><span><picture><source media=\"(min-width: 1024px)\" ><source ><\/picture><\/span><span><\/span><\/p>\n<\/p><\/div>\n<div id=\"main-wrapper\">    \t\t<main id=\"main\">    \t\t      \t\t\t  \t\t\t \t \t \t \t\t\t\t\t \t\t\t \t \t\t\t \t  \t\t\t\t \t\t\t\t\t \t     \t\t \t<\/p>\n<div>\n<p>O Fundo Social de Solidariedade da Prefeitura de Ubatuba abre o momento de inscri\u00e7\u00f5es para o Casamento Comunit\u00e1rio 2026, iniciativa que possibilita a oficializa\u00e7\u00e3o gratuita da uni\u00e3o civil de casais moradores no munic\u00edpio. O evento, que ainda aguarda confirma\u00e7\u00e3o de\u00a0 local e hor\u00e1rio, ser\u00e1 realizada no dia 12 de junho, em celebra\u00e7\u00e3o ao Dia dos Namorados e atendendo a lei Municipal\u00a0n\u00ba 3.915\/2016, que institui a data oficial para a realiza\u00e7\u00e3o do acontecimento. <\/p>\n<p>O Casamento Comunit\u00e1rio integra as a\u00e7\u00f5es de promo\u00e7\u00e3o \u00e0 cidadania e ao acesso a direitos civis, disponibilizando aos que participam a oportunidade de formalizar a uni\u00e3o sem custos com a cerim\u00f4nia. Cada casal conseguir\u00e1 trazer at\u00e9 cinco convidados para acompanhar a celebra\u00e7\u00e3o. <\/p>\n<p>Dados do Instituto Brasileiro de Geografia e Estat\u00edstica apontam que o Brasil registrou mais de 936 mil casamentos civis em 2024, mostrando a perman\u00eancia do casamento formal como importante instrumento de constitui\u00e7\u00e3o familiar e garantia de direitos legais aos c\u00f4njuges. Em Ubatuba, o setor de eventos e cerim\u00f4nias tamb\u00e9m tem apresentado crescimento nos \u00faltimos anos, consolidando o munic\u00edpio como refer\u00eancia para celebra\u00e7\u00f5es matrimoniais. <\/p>\n<p>Neste ano, ser\u00e3o oferecidas vagas para oito casais. Os cadastramentos precisam ser realizadas de forma presencial no Fundo Social de Solidariedade, de 29 de abril a 15 de maio, das 8h \u00e0s 16h. O per\u00edodo foi ajustado para preservar o cumprimento de todas as etapas cartoriais necess\u00e1rias para que os que participam estejam devidamente habilitados para o casamento civil at\u00e9 a data da cerim\u00f4nia (o casamento civil do casal necessitar\u00e1, obrigatoriamente, estar formalizado at\u00e9 \u00e0 data da cerim\u00f4nia). <\/p>\n<p>\u201cEsse \u00e9 meu segundo ano \u00e0 frente do Fundo Social e posso dizer que \u00e9 uma alegria realizar o evento, pois sabemos que muitas mulheres sonham em viver esse momento.\u00a0 Al\u00e9m disso, a iniciativa amplia o acesso da popula\u00e7\u00e3o \u00e0 regulariza\u00e7\u00e3o civil e fortalece a pol\u00edtica p\u00fablica de cidadania no munic\u00edpio\u201d, finalizou a presidente do Fundo Social de Solidariedade, Tatiana Mansur. <\/p>\n<p><em><strong>Fonte: Prefeitura Municipal de Ubatuba\u00a0<\/strong><\/em> \t<\/p>\n<\/div>\n<nav>  \t\t\t  \t\t    \t\t  \t\t\t  \t\t\t  \t<\/nav>\n<p>\t\t  \t\t<\/main>    \t\t  \t\t\t\t\t  \t  \t<\/p>\n<div>\n<h3><\/h3>\n<\/p><\/div>\n<\/p><\/div>\n","protected":false},"excerpt":{"rendered":"<p>O Fundo Social de Solidariedade da Prefeitura de Ubatuba abre o momento de inscri\u00e7\u00f5es para o Casamento Comunit\u00e1rio 2026, iniciativa que possibilita a oficializa\u00e7\u00e3o gratuita da uni\u00e3o civil de casais moradores no munic\u00edpio. O evento, que ainda aguarda confirma\u00e7\u00e3o de\u00a0 local e hor\u00e1rio, ser\u00e1 realizada no dia 12 de junho, em celebra\u00e7\u00e3o ao Dia dos<\/p>\n","protected":false},"author":1,"featured_media":15830,"comment_status":"closed","ping_status":"closed","sticky":false,"template":"","format":"standard","meta":{"footnotes":""},"categories":[33],"tags":[167,163],"class_list":{"0":"post-15829","1":"post","2":"type-post","3":"status-publish","4":"format-standard","5":"has-post-thumbnail","7":"category-ubatuba","8":"tag-cidades","9":"tag-ubatuba"},"_links":{"self":[{"href":"https:\/\/diarioubatuba.com.br\/index.php?rest_route=\/wp\/v2\/posts\/15829","targetHints":{"allow":["GET"]}}],"collection":[{"href":"https:\/\/diarioubatuba.com.br\/index.php?rest_route=\/wp\/v2\/posts"}],"about":[{"href":"https:\/\/diarioubatuba.com.br\/index.php?rest_route=\/wp\/v2\/types\/post"}],"author":[{"embeddable":true,"href":"https:\/\/diarioubatuba.com.br\/index.php?rest_route=\/wp\/v2\/users\/1"}],"replies":[{"embeddable":true,"href":"https:\/\/diarioubatuba.com.br\/index.php?rest_route=%2Fwp%2Fv2%2Fcomments&post=15829"}],"version-history":[{"count":1,"href":"https:\/\/diarioubatuba.com.br\/index.php?rest_route=\/wp\/v2\/posts\/15829\/revisions"}],"predecessor-version":[{"id":15831,"href":"https:\/\/diarioubatuba.com.br\/index.php?rest_route=\/wp\/v2\/posts\/15829\/revisions\/15831"}],"wp:featuredmedia":[{"embeddable":true,"href":"https:\/\/diarioubatuba.com.br\/index.php?rest_route=\/wp\/v2\/media\/15830"}],"wp:attachment":[{"href":"https:\/\/diarioubatuba.com.br\/index.php?rest_route=%2Fwp%2Fv2%2Fmedia&parent=15829"}],"wp:term":[{"taxonomy":"category","embeddable":true,"href":"https:\/\/diarioubatuba.com.br\/index.php?rest_route=%2Fwp%2Fv2%2Fcategories&post=15829"},{"taxonomy":"post_tag","embeddable":true,"href":"https:\/\/diarioubatuba.com.br\/index.php?rest_route=%2Fwp%2Fv2%2Ftags&post=15829"}],"curies":[{"name":"wp","href":"https:\/\/api.w.org\/{rel}","templated":true}]}}