{"id":15826,"date":"2026-04-29T17:54:04","date_gmt":"2026-04-29T17:54:04","guid":{"rendered":"https:\/\/diarioubatuba.com.br\/?p=15826"},"modified":"2026-04-29T18:27:44","modified_gmt":"2026-04-29T18:27:44","slug":"gcmfs-de-ubatuba-sao-homenageadas-em-cerimonia-na-alesp","status":"publish","type":"post","link":"https:\/\/diarioubatuba.com.br\/?p=15826","title":{"rendered":"GCMFs de Ubatuba s\u00e3o homenageadas em cerim\u00f4nia na Alesp"},"content":{"rendered":"<div> \t\t\t\t\t\t \t\t\t\t\t\t\t\t \t\t\t\t<meta itemprop=\"datePublished\" content=\"2026-04-28\"> \t\t\t\t<meta itemprop=\"dateModified\" content=\"2026-04-28\"> \t\t\t\t \t\t\t \t\t\t\t<\/p>\n<p>GCMFs de Ubatuba s\u00e3o homenageadas em cerim\u00f4nia na Alesp<\/p>\n<p><span>Postado em <span>28\/04\/2026<\/span><\/span> \t\t\t\t\t\t\t\t\t\t\t\t\t\t<\/p>\n<figure itemscope>\n<\/figure>\n<div itemprop=\"articleBody\">\n<p><span>Tr\u00eas integrantes da Guarda Civil Municipal de Ubatuba foram homenageadas ter\u00e7a-feira agora, 28, em sess\u00e3o solene realizada no Audit\u00f3rio Franco Montoro, na Assembleia Legislativa do Estado de S\u00e3o Paulo (Alesp).\u00a0<\/span><\/p>\n<p><span>O acontecimento teve como prop\u00f3sito o reconhecimento de mulheres que se evidenciam na atua\u00e7\u00e3o das Guardas Civis Municipais em todo o territ\u00f3rio paulista, enfatizando a relev\u00e2ncia da presen\u00e7a feminina nas for\u00e7as de seguran\u00e7a e na prote\u00e7\u00e3o direta ao cidad\u00e3o.\u00a0<\/span><\/p>\n<p><span>Entre as profissionais contempladas, a representa\u00e7\u00e3o de Ubatuba contou com as inspetoras Patr\u00edcia Ferreira do Amaral e Claudia Prado Paes, al\u00e9m da GCMF de 1\u00aa Classe Maria Auxiliadora da Silva.<\/span><\/p>\n<p><span>A honraria concedida \u00e0s servidoras fundamentou-se em crit\u00e9rios t\u00e9cnicos de dedica\u00e7\u00e3o ao servi\u00e7o p\u00fablico, coragem no exerc\u00edcio da fun\u00e7\u00e3o e comprometimento com a \u00e9tica profissional. O reconhecimento em \u00e2mbito estadual ocorre em um momento de consolida\u00e7\u00e3o do protagonismo feminino na seguran\u00e7a de Ubatuba, refletindo uma tend\u00eancia observada em todo o estado de S\u00e3o Paulo, em que a participa\u00e7\u00e3o de mulheres nas corpora\u00e7\u00f5es municipais tem avan\u00e7ado tanto em fun\u00e7\u00f5es operacionais quanto em postos de gest\u00e3o estrat\u00e9gica.<\/span><\/p>\n<p><span>A presen\u00e7a feminina na Guarda Civil Metropolitana (GCM) da capital atingiu o patamar de 24,3% do efetivo, consolidando-se como um dos \u00edndices mais expressivos do estado de S\u00e3o Paulo. J\u00e1 a m\u00e9dia registrada em corpora\u00e7\u00f5es do interior e do litoral apresenta participa\u00e7\u00e3o do g\u00eanero variando\u00a0 entre 12% e 15% \u2013 n\u00fameros que tendem a aumentar, como \u00e9 observado em Ubatuba.<\/span><\/p>\n<p><span>No \u00faltimo curso de forma\u00e7\u00e3o da corpora\u00e7\u00e3o, as tr\u00eas primeiras coloca\u00e7\u00f5es na classifica\u00e7\u00e3o geral foram ocupadas por mulheres, que lideraram o desempenho t\u00e9cnico e acad\u00eamico entre os novos agentes. \u201cEsse desempenho \u00e9 um indicativo da capacidade t\u00e9cnica do efetivo feminino, que hoje comp\u00f5em cerca de um ter\u00e7o dos novos integrantes da Guarda Civil Municipal\u201d, destacou o comandante da GCM, Rog\u00e9rio Ramos dos Santos.<\/span><\/p>\n<\/p><\/div>\n<\/p><\/div>\n","protected":false},"excerpt":{"rendered":"<p>GCMFs de Ubatuba s\u00e3o homenageadas em cerim\u00f4nia na Alesp Postado em 28\/04\/2026 Tr\u00eas integrantes da Guarda Civil Municipal de Ubatuba foram homenageadas ter\u00e7a-feira agora, 28, em sess\u00e3o solene realizada no Audit\u00f3rio Franco Montoro, na Assembleia Legislativa do Estado de S\u00e3o Paulo (Alesp).\u00a0 O acontecimento teve como prop\u00f3sito o reconhecimento de mulheres que se evidenciam na<\/p>\n","protected":false},"author":1,"featured_media":15827,"comment_status":"closed","ping_status":"closed","sticky":false,"template":"","format":"standard","meta":{"footnotes":""},"categories":[33],"tags":[163],"class_list":{"0":"post-15826","1":"post","2":"type-post","3":"status-publish","4":"format-standard","5":"has-post-thumbnail","7":"category-ubatuba","8":"tag-ubatuba"},"_links":{"self":[{"href":"https:\/\/diarioubatuba.com.br\/index.php?rest_route=\/wp\/v2\/posts\/15826","targetHints":{"allow":["GET"]}}],"collection":[{"href":"https:\/\/diarioubatuba.com.br\/index.php?rest_route=\/wp\/v2\/posts"}],"about":[{"href":"https:\/\/diarioubatuba.com.br\/index.php?rest_route=\/wp\/v2\/types\/post"}],"author":[{"embeddable":true,"href":"https:\/\/diarioubatuba.com.br\/index.php?rest_route=\/wp\/v2\/users\/1"}],"replies":[{"embeddable":true,"href":"https:\/\/diarioubatuba.com.br\/index.php?rest_route=%2Fwp%2Fv2%2Fcomments&post=15826"}],"version-history":[{"count":1,"href":"https:\/\/diarioubatuba.com.br\/index.php?rest_route=\/wp\/v2\/posts\/15826\/revisions"}],"predecessor-version":[{"id":15828,"href":"https:\/\/diarioubatuba.com.br\/index.php?rest_route=\/wp\/v2\/posts\/15826\/revisions\/15828"}],"wp:featuredmedia":[{"embeddable":true,"href":"https:\/\/diarioubatuba.com.br\/index.php?rest_route=\/wp\/v2\/media\/15827"}],"wp:attachment":[{"href":"https:\/\/diarioubatuba.com.br\/index.php?rest_route=%2Fwp%2Fv2%2Fmedia&parent=15826"}],"wp:term":[{"taxonomy":"category","embeddable":true,"href":"https:\/\/diarioubatuba.com.br\/index.php?rest_route=%2Fwp%2Fv2%2Fcategories&post=15826"},{"taxonomy":"post_tag","embeddable":true,"href":"https:\/\/diarioubatuba.com.br\/index.php?rest_route=%2Fwp%2Fv2%2Ftags&post=15826"}],"curies":[{"name":"wp","href":"https:\/\/api.w.org\/{rel}","templated":true}]}}