{"id":15814,"date":"2026-04-28T23:22:13","date_gmt":"2026-04-28T23:22:13","guid":{"rendered":"https:\/\/diarioubatuba.com.br\/?p=15814"},"modified":"2026-04-28T23:46:13","modified_gmt":"2026-04-28T23:46:13","slug":"ubatuba-fiscaliza-atividades-nauticas-irregulares-no-ubatumirim","status":"publish","type":"post","link":"https:\/\/diarioubatuba.com.br\/?p=15814","title":{"rendered":"Ubatuba fiscaliza atividades n\u00e1uticas irregulares no Ubatumirim"},"content":{"rendered":"<div id=\"vce-main\">\n<header id=\"header\">\n<div>\n<p><span><picture><source media=\"(min-width: 1024px)\" ><source ><\/picture><\/span><span><\/span><\/p>\n<\/p><\/div>\n<\/header>\n<div id=\"main-wrapper\">    \t\t<main id=\"main\">    \t\t      \t\t\t  \t\t\t \t \t \t \t\t\t\t\t \t\t\t \t \t\t\t \t  \t\t\t\t \t\t\t\t\t \t     \t\t \t<\/p>\n<div>\n<p>No domingo anterior, 26, o setor de fiscaliza\u00e7\u00e3o de com\u00e9rcio da Secretaria de Fazenda realizou uma a\u00e7\u00e3o na praia do Ubatumirim para coibir atividades irregulares voltadas ao turismo n\u00e1utico e ao uso da faixa de areia. <\/p>\n<p>Durante a dilig\u00eancia, foi constatada\u00a0 pr\u00e1tica irregular de loca\u00e7\u00e3o de equipamentos de motos aqu\u00e1ticas em \u00e1rea p\u00fablica, com estrutura montada na praia para atendimento ao p\u00fablico e armazenamento de materiais. O tutor atrav\u00e9s da atividade foi orientado a recolher imediatamente a estrutura instalada e notificado por descumprimento da legisla\u00e7\u00e3o municipal e das normas de uso do espa\u00e7o p\u00fablico. Dois banners de publicidade usados na opera\u00e7\u00e3o tamb\u00e9m foram confiscados para procedimentos administrativos. <\/p>\n<p>Na mesma a\u00e7\u00e3o, a equipe reconheceu, ainda, atividade de escolinha e lan\u00e7amentos de parapente em \u00e1rea p\u00fablica da praia. Os respons\u00e1veis foram abordados e orientados sobre a necessidade de regulamenta\u00e7\u00e3o da atividade junto ao munic\u00edpio, conforme previsto no C\u00f3digo Tribut\u00e1rio Municipal, al\u00e9m das exig\u00eancias espec\u00edficas dos \u00f3rg\u00e3os competentes para opera\u00e7\u00f5es dessa natureza. <\/p>\n<div id=\"attachment_197326\">\n<p id=\"caption-attachment-197326\">Imagem\/Prefeitura Municipal de Ubatuba<\/p>\n<\/div>\n<p>De acordo com a fiscaliza\u00e7\u00e3o, a atividade em \u00e1rea de praia demanda autoriza\u00e7\u00e3o espec\u00edfica e deve observar as restri\u00e7\u00f5es de seguran\u00e7a aplic\u00e1veis ao local. <\/p>\n<p>Os respons\u00e1veis foram notificados a regularizar as atividades e a interromper imediatamente a opera\u00e7\u00e3o at\u00e9 a adequa\u00e7\u00e3o \u00e0s normas vigentes. A fiscaliza\u00e7\u00e3o de turismo n\u00e1utico continua com dilig\u00eancias permanentes para coibir irregularidades, ordenar o uso da orla mar\u00edtima e assegurar o cumprimento das normas no munic\u00edpio. <\/p>\n<p><em><strong>Fonte: Prefeitura Municipal de Ubatuba<\/strong><\/em> \t<\/p>\n<\/div>\n<nav>  \t\t  \t\t\t  \t\t\t  \t<\/nav>\n<p>\t\t  \t\t<\/main>    \t\t  \t\t\t\t\t  \t  \t<\/p>\n<div>\n<h3><\/h3>\n<\/p><\/div>\n<\/p><\/div>\n<\/p><\/div>\n","protected":false},"excerpt":{"rendered":"<p>No domingo anterior, 26, o setor de fiscaliza\u00e7\u00e3o de com\u00e9rcio da Secretaria de Fazenda realizou uma a\u00e7\u00e3o na praia do Ubatumirim para coibir atividades irregulares voltadas ao turismo n\u00e1utico e ao uso da faixa de areia. Durante a dilig\u00eancia, foi constatada\u00a0 pr\u00e1tica irregular de loca\u00e7\u00e3o de equipamentos de motos aqu\u00e1ticas em \u00e1rea p\u00fablica, com estrutura<\/p>\n","protected":false},"author":1,"featured_media":15815,"comment_status":"closed","ping_status":"closed","sticky":false,"template":"","format":"standard","meta":{"footnotes":""},"categories":[33],"tags":[167,163],"class_list":{"0":"post-15814","1":"post","2":"type-post","3":"status-publish","4":"format-standard","5":"has-post-thumbnail","7":"category-ubatuba","8":"tag-cidades","9":"tag-ubatuba"},"_links":{"self":[{"href":"https:\/\/diarioubatuba.com.br\/index.php?rest_route=\/wp\/v2\/posts\/15814","targetHints":{"allow":["GET"]}}],"collection":[{"href":"https:\/\/diarioubatuba.com.br\/index.php?rest_route=\/wp\/v2\/posts"}],"about":[{"href":"https:\/\/diarioubatuba.com.br\/index.php?rest_route=\/wp\/v2\/types\/post"}],"author":[{"embeddable":true,"href":"https:\/\/diarioubatuba.com.br\/index.php?rest_route=\/wp\/v2\/users\/1"}],"replies":[{"embeddable":true,"href":"https:\/\/diarioubatuba.com.br\/index.php?rest_route=%2Fwp%2Fv2%2Fcomments&post=15814"}],"version-history":[{"count":1,"href":"https:\/\/diarioubatuba.com.br\/index.php?rest_route=\/wp\/v2\/posts\/15814\/revisions"}],"predecessor-version":[{"id":15818,"href":"https:\/\/diarioubatuba.com.br\/index.php?rest_route=\/wp\/v2\/posts\/15814\/revisions\/15818"}],"wp:featuredmedia":[{"embeddable":true,"href":"https:\/\/diarioubatuba.com.br\/index.php?rest_route=\/wp\/v2\/media\/15815"}],"wp:attachment":[{"href":"https:\/\/diarioubatuba.com.br\/index.php?rest_route=%2Fwp%2Fv2%2Fmedia&parent=15814"}],"wp:term":[{"taxonomy":"category","embeddable":true,"href":"https:\/\/diarioubatuba.com.br\/index.php?rest_route=%2Fwp%2Fv2%2Fcategories&post=15814"},{"taxonomy":"post_tag","embeddable":true,"href":"https:\/\/diarioubatuba.com.br\/index.php?rest_route=%2Fwp%2Fv2%2Ftags&post=15814"}],"curies":[{"name":"wp","href":"https:\/\/api.w.org\/{rel}","templated":true}]}}