{"id":15787,"date":"2026-04-27T02:03:56","date_gmt":"2026-04-27T02:03:56","guid":{"rendered":"https:\/\/diarioubatuba.com.br\/?p=15787"},"modified":"2026-04-27T03:22:12","modified_gmt":"2026-04-27T03:22:12","slug":"programa-mar-sem-lixo-recolhe-mais-de-15-tonelada-de-residuos","status":"publish","type":"post","link":"https:\/\/diarioubatuba.com.br\/?p=15787","title":{"rendered":"Programa Mar Sem Lixo recolhe mais de 1,5 tonelada de res\u00edduos"},"content":{"rendered":"<div> \t\t\t\t\t\t \t\t\t\t\t\t\t\t \t\t\t\t<meta itemprop=\"datePublished\" content=\"2026-04-24\"> \t\t\t\t<meta itemprop=\"dateModified\" content=\"2026-04-24\"> \t\t\t\t \t\t\t \t\t\t\t<\/p>\n<p>Programa Mar Sem Lixo recolhe mais de 1,5 tonelada de res\u00edduos<\/p>\n<p><span>Postado em <span>24\/04\/2026<\/span><\/span> \t\t\t\t\t\t\t\t\t\t\t\t\t\t<\/p>\n<figure itemscope>\n<\/figure>\n<div itemprop=\"articleBody\">\n<p>Ubatuba realizou na pr\u00f3xima sexta, 24, mais uma edi\u00e7\u00e3o do programa Mar Sem Lixo, com mutir\u00e3o de limpeza no manguezal do Rio Grande, na \u00e1rea da Barra dos Pescadores. A a\u00e7\u00e3o resultou na retirada de 1.532,2 quilos de res\u00edduos s\u00f3lidos e contou com a participa\u00e7\u00e3o de 13 pescadores artesanais, refor\u00e7ando a atua\u00e7\u00e3o conjunta entre poder p\u00fablico, comunidades tradicionais e institui\u00e7\u00f5es parceiras na preserva\u00e7\u00e3o dos ecossistemas costeiros. A mobiliza\u00e7\u00e3o integra a agenda do programa no munic\u00edpio, que j\u00e1 havia sido anunciada atrav\u00e9s da Prefeitura para a \u00e1rea do Rio Grande, com concentra\u00e7\u00e3o na Ilha dos Pescadores.<\/p>\n<p>Al\u00e9m do impacto ambiental, a iniciativa tamb\u00e9m teve reflexo direto na renda dos que participam. Conforme o balan\u00e7o da a\u00e7\u00e3o, cada pescador recebeu R$ 701,98 atrav\u00e9s do trabalho feito, dentro da l\u00f3gica de pagamento por servi\u00e7os ambientais adotada atrav\u00e9s do programa. Desenvolvido atrav\u00e9s da Funda\u00e7\u00e3o Florestal, o Mar Sem Lixo alia conserva\u00e7\u00e3o ambiental, educa\u00e7\u00e3o ambiental, gera\u00e7\u00e3o de dados e valoriza\u00e7\u00e3o da pesca artesanal, com ades\u00e3o volunt\u00e1ria de pescadores que atendem aos crit\u00e9rios de participa\u00e7\u00e3o.<\/p>\n<p>O programa conta com apoio da Prefeitura e de parceiros locais, amplificando o trabalho de coleta de res\u00edduos em regi\u00f5es de mangue, estu\u00e1rio e ambiente marinho. A proposta \u00e9 ampliar o engajamento comunit\u00e1rio, incentivar a destina\u00e7\u00e3o adequada dos materiais retirados do ambiente natural e consolidar uma rede de coopera\u00e7\u00e3o em defesa dos ecossistemas costeiros.<\/p>\n<p>\u201c\u00c9 muito importante essa a\u00e7\u00e3o porque al\u00e9m de trazer o engajamento \u00e0 educa\u00e7\u00e3o ambiental tamb\u00e9m proporciona a retirada desses res\u00edduos s\u00f3lidos, o que vai melhorar os par\u00e2metros biogeoqu\u00edmicos da \u00e1gua e, por ventura, melhorar a qualidade da \u00e1gua, a qualidade dos peixes e, assim, a mesma qualidade de vida deles que moram aqui\u201d, destacou o chefe de Se\u00e7\u00e3o de Gest\u00e3o Ambiental, engenheiro ambiental e sanitarista, Guilherme Henrique.<\/p>\n<p>Estudos internacionais apontam que mais de 1.400 esp\u00e9cies marinhas sofrem impactos provocados atrav\u00e9s do lixo nos oceanos, incluindo aves, tartarugas e outros animais afetados por ingest\u00e3o de res\u00edduos ou emaranhamento em materiais descartados incorretamente. No litoral paulista, a Funda\u00e7\u00e3o Florestal informou neste m\u00eas que os pl\u00e1sticos representam mais de 90% do lixo achado nas praias paulistas, o que refor\u00e7a a relev\u00e2ncia de a\u00e7\u00f5es permanentes de coleta e preven\u00e7\u00e3o.<\/p>\n<\/p><\/div>\n<\/p><\/div>\n","protected":false},"excerpt":{"rendered":"<p>Programa Mar Sem Lixo recolhe mais de 1,5 tonelada de res\u00edduos Postado em 24\/04\/2026 Ubatuba realizou na pr\u00f3xima sexta, 24, mais uma edi\u00e7\u00e3o do programa Mar Sem Lixo, com mutir\u00e3o de limpeza no manguezal do Rio Grande, na \u00e1rea da Barra dos Pescadores. A a\u00e7\u00e3o resultou na retirada de 1.532,2 quilos de res\u00edduos s\u00f3lidos e<\/p>\n","protected":false},"author":1,"featured_media":15788,"comment_status":"closed","ping_status":"closed","sticky":false,"template":"","format":"standard","meta":{"footnotes":""},"categories":[33],"tags":[163],"class_list":{"0":"post-15787","1":"post","2":"type-post","3":"status-publish","4":"format-standard","5":"has-post-thumbnail","7":"category-ubatuba","8":"tag-ubatuba"},"_links":{"self":[{"href":"https:\/\/diarioubatuba.com.br\/index.php?rest_route=\/wp\/v2\/posts\/15787","targetHints":{"allow":["GET"]}}],"collection":[{"href":"https:\/\/diarioubatuba.com.br\/index.php?rest_route=\/wp\/v2\/posts"}],"about":[{"href":"https:\/\/diarioubatuba.com.br\/index.php?rest_route=\/wp\/v2\/types\/post"}],"author":[{"embeddable":true,"href":"https:\/\/diarioubatuba.com.br\/index.php?rest_route=\/wp\/v2\/users\/1"}],"replies":[{"embeddable":true,"href":"https:\/\/diarioubatuba.com.br\/index.php?rest_route=%2Fwp%2Fv2%2Fcomments&post=15787"}],"version-history":[{"count":1,"href":"https:\/\/diarioubatuba.com.br\/index.php?rest_route=\/wp\/v2\/posts\/15787\/revisions"}],"predecessor-version":[{"id":15789,"href":"https:\/\/diarioubatuba.com.br\/index.php?rest_route=\/wp\/v2\/posts\/15787\/revisions\/15789"}],"wp:featuredmedia":[{"embeddable":true,"href":"https:\/\/diarioubatuba.com.br\/index.php?rest_route=\/wp\/v2\/media\/15788"}],"wp:attachment":[{"href":"https:\/\/diarioubatuba.com.br\/index.php?rest_route=%2Fwp%2Fv2%2Fmedia&parent=15787"}],"wp:term":[{"taxonomy":"category","embeddable":true,"href":"https:\/\/diarioubatuba.com.br\/index.php?rest_route=%2Fwp%2Fv2%2Fcategories&post=15787"},{"taxonomy":"post_tag","embeddable":true,"href":"https:\/\/diarioubatuba.com.br\/index.php?rest_route=%2Fwp%2Fv2%2Ftags&post=15787"}],"curies":[{"name":"wp","href":"https:\/\/api.w.org\/{rel}","templated":true}]}}