{"id":15769,"date":"2026-04-26T06:02:10","date_gmt":"2026-04-26T06:02:10","guid":{"rendered":"https:\/\/diarioubatuba.com.br\/?p=15769"},"modified":"2026-04-26T06:02:18","modified_gmt":"2026-04-26T06:02:18","slug":"ti-informa-problemas-nas-linhas-telefonicas-de-algumas-secretarias","status":"publish","type":"post","link":"https:\/\/diarioubatuba.com.br\/?p=15769","title":{"rendered":"TI informa problemas nas linhas telef\u00f4nicas de algumas Secretarias"},"content":{"rendered":"<div> \t\t\t\t\t\t \t\t\t\t\t\t\t\t \t\t\t\t<meta itemprop=\"datePublished\" content=\"2026-04-24\"> \t\t\t\t<meta itemprop=\"dateModified\" content=\"2026-04-24\"> \t\t\t\t \t\t\t \t\t\t\t<\/p>\n<p>TI informa problemas nas linhas telef\u00f4nicas de algumas Secretarias<\/p>\n<p><span>Postado em <span>24\/04\/2026<\/span><\/span> \t\t\t\t\t\t\t\t\t\t\t\t\t\t<\/p>\n<figure itemscope>\n<\/figure>\n<div itemprop=\"articleBody\">\n<p><span>A Secretaria de Tecnologia da Informa\u00e7\u00e3o de Ubatuba (SMTI) informa que, na \u00faltima quarta-feira, 22,\u00a0 foi registrada uma falha t\u00e9cnica na rede interna de telefonia, afetando o funcionamento das Secretarias de Planejamento, Habita\u00e7\u00e3o e Gest\u00e3o. Conforme os t\u00e9cnicos da pasta, as equipes t\u00e9cnicas j\u00e1 est\u00e3o mobilizadas para restabelecer o servi\u00e7o no menor tempo plaus\u00edvel, no entanto, at\u00e9 o momento, n\u00e3o existe previs\u00e3o para a normaliza\u00e7\u00e3o completa do sistema.<\/span><\/p>\n<p><span>Enquanto o problema persiste, a dire\u00e7\u00e3o \u00e9 para que os atendimentos urgentes sejam realizados de forma presencial na rua Concei\u00e7\u00e3o, 1191, no Centro \u2013 onde est\u00e3o sediadas as Secretarias.\u00a0<\/span><\/p>\n<p><span>Como alternativa, tamb\u00e9m poder\u00e3o ser usados canais de atendimento por e-mail para defender a continuidade dos servi\u00e7os. Demandas relacionadas a Recursos Humanos e questionamentos sobre convoca\u00e7\u00f5es de concurso precisam ser direcionadas para crh@ubatuba.sp.gov.br. Assuntos ligados a contratos e licita\u00e7\u00f5es poder\u00e3o ser cuidados atrav\u00e9s do e-mail administracao@ubatuba.sp.gov.br. J\u00e1 as quest\u00f5es espec\u00edficas da Secretaria de Planejamento precisam ser enviadas para smpc@ubatuba.sp.gov.br, enquanto as demandas da Secretaria de Habita\u00e7\u00e3o poder\u00e3o ser direcionadas para habitacao@ubatuba.sp.gov.br.<\/span><\/p>\n<\/p><\/div>\n<\/p><\/div>\n","protected":false},"excerpt":{"rendered":"<p>TI informa problemas nas linhas telef\u00f4nicas de algumas Secretarias Postado em 24\/04\/2026 A Secretaria de Tecnologia da Informa\u00e7\u00e3o de Ubatuba (SMTI) informa que, na \u00faltima quarta-feira, 22,\u00a0 foi registrada uma falha t\u00e9cnica na rede interna de telefonia, afetando o funcionamento das Secretarias de Planejamento, Habita\u00e7\u00e3o e Gest\u00e3o. Conforme os t\u00e9cnicos da pasta, as equipes t\u00e9cnicas<\/p>\n","protected":false},"author":1,"featured_media":15770,"comment_status":"closed","ping_status":"closed","sticky":false,"template":"","format":"standard","meta":{"footnotes":""},"categories":[33],"tags":[163],"class_list":{"0":"post-15769","1":"post","2":"type-post","3":"status-publish","4":"format-standard","5":"has-post-thumbnail","7":"category-ubatuba","8":"tag-ubatuba"},"_links":{"self":[{"href":"https:\/\/diarioubatuba.com.br\/index.php?rest_route=\/wp\/v2\/posts\/15769","targetHints":{"allow":["GET"]}}],"collection":[{"href":"https:\/\/diarioubatuba.com.br\/index.php?rest_route=\/wp\/v2\/posts"}],"about":[{"href":"https:\/\/diarioubatuba.com.br\/index.php?rest_route=\/wp\/v2\/types\/post"}],"author":[{"embeddable":true,"href":"https:\/\/diarioubatuba.com.br\/index.php?rest_route=\/wp\/v2\/users\/1"}],"replies":[{"embeddable":true,"href":"https:\/\/diarioubatuba.com.br\/index.php?rest_route=%2Fwp%2Fv2%2Fcomments&post=15769"}],"version-history":[{"count":1,"href":"https:\/\/diarioubatuba.com.br\/index.php?rest_route=\/wp\/v2\/posts\/15769\/revisions"}],"predecessor-version":[{"id":15771,"href":"https:\/\/diarioubatuba.com.br\/index.php?rest_route=\/wp\/v2\/posts\/15769\/revisions\/15771"}],"wp:featuredmedia":[{"embeddable":true,"href":"https:\/\/diarioubatuba.com.br\/index.php?rest_route=\/wp\/v2\/media\/15770"}],"wp:attachment":[{"href":"https:\/\/diarioubatuba.com.br\/index.php?rest_route=%2Fwp%2Fv2%2Fmedia&parent=15769"}],"wp:term":[{"taxonomy":"category","embeddable":true,"href":"https:\/\/diarioubatuba.com.br\/index.php?rest_route=%2Fwp%2Fv2%2Fcategories&post=15769"},{"taxonomy":"post_tag","embeddable":true,"href":"https:\/\/diarioubatuba.com.br\/index.php?rest_route=%2Fwp%2Fv2%2Ftags&post=15769"}],"curies":[{"name":"wp","href":"https:\/\/api.w.org\/{rel}","templated":true}]}}