{"id":15762,"date":"2026-04-26T02:09:42","date_gmt":"2026-04-26T02:09:42","guid":{"rendered":"https:\/\/diarioubatuba.com.br\/?p=15762"},"modified":"2026-04-26T02:53:48","modified_gmt":"2026-04-26T02:53:48","slug":"criminosa-e-presa-pela-policia-militar-por-furto-em-ubatuba","status":"publish","type":"post","link":"https:\/\/diarioubatuba.com.br\/?p=15762","title":{"rendered":"Criminosa \u00e9 detida atrav\u00e9s da Pol\u00edcia Militar por roubo em Ubatuba"},"content":{"rendered":"<div id=\"header\">\n<p><span><picture><source media=\"(min-width: 1024px)\" ><source ><\/picture><\/span><span><\/span><\/p>\n<\/p><\/div>\n<div id=\"main-wrapper\">    \t\t<main id=\"main\">    \t\t      \t\t\t  \t\t\t \t \t \t \t\t\t\t\t \t\t\t \t \t\t\t \t  \t\t\t\t \t\t\t\t\t \t     \t\t \t<\/p>\n<div>\n<p>Uma equipe de policiais militares,\u00a0 durante ronda s\u00e1bado agora (25), atrav\u00e9s da Avenida Rio Grande do Sul, abordaram uma criminosa j\u00e1 conhecida nos meios policiais atrav\u00e9s da pr\u00e1tica reiterada de furtos, que transitava em uma bicicleta transportando um aparelho televisor. <\/p>\n<p>Durante a abordagem, a criminosa confessou que o objeto era produto de roubo ocorrido em uma casa pr\u00f3xima. <\/p>\n<p>A equipe deslocou-se at\u00e9 o local indicado e, em contato com a dona do im\u00f3vel, foi constatado o arrombamento na \u00e1rea dos fundos, com dano no muro, assim como a subtra\u00e7\u00e3o de um televisor de 32\u201d\u00a0 da marca TCL,\u00a0 reconhecido atrav\u00e9s da v\u00edtima como sendo de sua propriedade. <\/p>\n<p>Em vista a tudo, a criminosa recebeu voz de pris\u00e3o em flagrante, e foi conduzida \u00e0 Delegacia de Pol\u00edcia, onde permaneceu \u00e0 disposi\u00e7\u00e3o da Justi\u00e7a. <\/p>\n<p><em><strong>Fonte: Pol\u00edcia Militar de SP<\/strong><\/em> \t<\/p>\n<\/div>\n<nav>  \t\t\t  \t\t    \t\t  \t\t\t  \t\t\t  \t<\/nav>\n<p>\t\t  \t\t<\/main>    \t\t  \t\t\t\t\t  \t  \t<\/p>\n<div>\n<h3><\/h3>\n<\/p><\/div>\n<\/p><\/div>\n","protected":false},"excerpt":{"rendered":"<p>Uma equipe de policiais militares,\u00a0 durante ronda s\u00e1bado agora (25), atrav\u00e9s da Avenida Rio Grande do Sul, abordaram uma criminosa j\u00e1 conhecida nos meios policiais atrav\u00e9s da pr\u00e1tica reiterada de furtos, que transitava em uma bicicleta transportando um aparelho televisor. Durante a abordagem, a criminosa confessou que o objeto era produto de roubo ocorrido em<\/p>\n","protected":false},"author":1,"featured_media":15763,"comment_status":"closed","ping_status":"closed","sticky":false,"template":"","format":"standard","meta":{"footnotes":""},"categories":[33],"tags":[167,163],"class_list":{"0":"post-15762","1":"post","2":"type-post","3":"status-publish","4":"format-standard","5":"has-post-thumbnail","7":"category-ubatuba","8":"tag-cidades","9":"tag-ubatuba"},"_links":{"self":[{"href":"https:\/\/diarioubatuba.com.br\/index.php?rest_route=\/wp\/v2\/posts\/15762","targetHints":{"allow":["GET"]}}],"collection":[{"href":"https:\/\/diarioubatuba.com.br\/index.php?rest_route=\/wp\/v2\/posts"}],"about":[{"href":"https:\/\/diarioubatuba.com.br\/index.php?rest_route=\/wp\/v2\/types\/post"}],"author":[{"embeddable":true,"href":"https:\/\/diarioubatuba.com.br\/index.php?rest_route=\/wp\/v2\/users\/1"}],"replies":[{"embeddable":true,"href":"https:\/\/diarioubatuba.com.br\/index.php?rest_route=%2Fwp%2Fv2%2Fcomments&post=15762"}],"version-history":[{"count":1,"href":"https:\/\/diarioubatuba.com.br\/index.php?rest_route=\/wp\/v2\/posts\/15762\/revisions"}],"predecessor-version":[{"id":15766,"href":"https:\/\/diarioubatuba.com.br\/index.php?rest_route=\/wp\/v2\/posts\/15762\/revisions\/15766"}],"wp:featuredmedia":[{"embeddable":true,"href":"https:\/\/diarioubatuba.com.br\/index.php?rest_route=\/wp\/v2\/media\/15763"}],"wp:attachment":[{"href":"https:\/\/diarioubatuba.com.br\/index.php?rest_route=%2Fwp%2Fv2%2Fmedia&parent=15762"}],"wp:term":[{"taxonomy":"category","embeddable":true,"href":"https:\/\/diarioubatuba.com.br\/index.php?rest_route=%2Fwp%2Fv2%2Fcategories&post=15762"},{"taxonomy":"post_tag","embeddable":true,"href":"https:\/\/diarioubatuba.com.br\/index.php?rest_route=%2Fwp%2Fv2%2Ftags&post=15762"}],"curies":[{"name":"wp","href":"https:\/\/api.w.org\/{rel}","templated":true}]}}