{"id":15756,"date":"2026-04-25T10:01:21","date_gmt":"2026-04-25T10:01:21","guid":{"rendered":"https:\/\/diarioubatuba.com.br\/?p=15756"},"modified":"2026-04-25T10:13:21","modified_gmt":"2026-04-25T10:13:21","slug":"associacao-esportiva-de-ubatuba-festeja-21-anos-de-atuacao-no-esporte","status":"publish","type":"post","link":"https:\/\/diarioubatuba.com.br\/?p=15756","title":{"rendered":"Associa\u00e7\u00e3o Esportiva de Ubatuba festeja 21 anos de atua\u00e7\u00e3o no esporte"},"content":{"rendered":"<div> \t\t\t\t\t\t \t\t\t\t\t\t\t\t \t\t\t\t<meta itemprop=\"datePublished\" content=\"2026-04-24\"> \t\t\t\t<meta itemprop=\"dateModified\" content=\"2026-04-24\"> \t\t\t\t \t\t\t \t\t\t\t<\/p>\n<p>Associa\u00e7\u00e3o Esportiva de Ubatuba festeja 21 anos de atua\u00e7\u00e3o no esporte<\/p>\n<p><span>Postado em <span>24\/04\/2026<\/span><\/span> \t\t\t\t\t\t\t\t\t\t\t\t\t\t<\/p>\n<figure itemscope>\n<\/figure>\n<div itemprop=\"articleBody\">\n<p>A Associa\u00e7\u00e3o Esportiva de Ubatuba (A.E.U.) festeja seus 21 anos de atua\u00e7\u00e3o na pr\u00f3xima segunda-feira, 27, com uma programa\u00e7\u00e3o especial voltada aos alunos, esportistas e integrantes da entidade. As atividades ter\u00e3o come\u00e7o \u00e0s 18h30, com um trein\u00e3o reunindo todas as turmas, seguido da apresenta\u00e7\u00e3o do grupo de t\u00eanis de mesa, \u00e0s 20h, e de uma confraterniza\u00e7\u00e3o de anivers\u00e1rio, \u00e0s 20h30.<\/p>\n<p>A celebra\u00e7\u00e3o marca mais de duas d\u00e9cadas de trabalho dedicadas ao incentivo ao esporte, \u00e0 forma\u00e7\u00e3o de esportistas e \u00e0 promo\u00e7\u00e3o de atividades que contribuem para o desenvolvimento pessoal e coletivo de crian\u00e7as, adolescentes e adultos em Ubatuba.<\/p>\n<p>\u201cCelebrar os 21 anos da Associa\u00e7\u00e3o Esportiva de Ubatuba \u00e9 reconhecer uma hist\u00f3ria feita com muito esfor\u00e7o, parceria e amor pelo esporte. Ao longo desse tempo, a entidade se tornou um espa\u00e7o importante de forma\u00e7\u00e3o, disciplina, conviv\u00eancia e oportunidades para muitos alunos e atletas do munic\u00edpio\u201d, destacou o presidente da Associa\u00e7\u00e3o Esportiva de Ubatuba, Luiz Carlos Castilho Junior.<\/p>\n<p>Com duas d\u00e9cadas de atua\u00e7\u00e3o e uma trajet\u00f3ria constru\u00edda ao lado de esportistas, professores e fam\u00edlias, a Associa\u00e7\u00e3o Esportiva de Ubatuba continua como refer\u00eancia no incentivo \u00e0 pr\u00e1tica esportiva e na valoriza\u00e7\u00e3o de talentos locais.<\/p>\n<\/p><\/div>\n<\/p><\/div>\n","protected":false},"excerpt":{"rendered":"<p>Associa\u00e7\u00e3o Esportiva de Ubatuba festeja 21 anos de atua\u00e7\u00e3o no esporte Postado em 24\/04\/2026 A Associa\u00e7\u00e3o Esportiva de Ubatuba (A.E.U.) festeja seus 21 anos de atua\u00e7\u00e3o na pr\u00f3xima segunda-feira, 27, com uma programa\u00e7\u00e3o especial voltada aos alunos, esportistas e integrantes da entidade. As atividades ter\u00e3o come\u00e7o \u00e0s 18h30, com um trein\u00e3o reunindo todas as turmas,<\/p>\n","protected":false},"author":1,"featured_media":15757,"comment_status":"closed","ping_status":"closed","sticky":false,"template":"","format":"standard","meta":{"footnotes":""},"categories":[33],"tags":[163],"class_list":{"0":"post-15756","1":"post","2":"type-post","3":"status-publish","4":"format-standard","5":"has-post-thumbnail","7":"category-ubatuba","8":"tag-ubatuba"},"_links":{"self":[{"href":"https:\/\/diarioubatuba.com.br\/index.php?rest_route=\/wp\/v2\/posts\/15756","targetHints":{"allow":["GET"]}}],"collection":[{"href":"https:\/\/diarioubatuba.com.br\/index.php?rest_route=\/wp\/v2\/posts"}],"about":[{"href":"https:\/\/diarioubatuba.com.br\/index.php?rest_route=\/wp\/v2\/types\/post"}],"author":[{"embeddable":true,"href":"https:\/\/diarioubatuba.com.br\/index.php?rest_route=\/wp\/v2\/users\/1"}],"replies":[{"embeddable":true,"href":"https:\/\/diarioubatuba.com.br\/index.php?rest_route=%2Fwp%2Fv2%2Fcomments&post=15756"}],"version-history":[{"count":1,"href":"https:\/\/diarioubatuba.com.br\/index.php?rest_route=\/wp\/v2\/posts\/15756\/revisions"}],"predecessor-version":[{"id":15758,"href":"https:\/\/diarioubatuba.com.br\/index.php?rest_route=\/wp\/v2\/posts\/15756\/revisions\/15758"}],"wp:featuredmedia":[{"embeddable":true,"href":"https:\/\/diarioubatuba.com.br\/index.php?rest_route=\/wp\/v2\/media\/15757"}],"wp:attachment":[{"href":"https:\/\/diarioubatuba.com.br\/index.php?rest_route=%2Fwp%2Fv2%2Fmedia&parent=15756"}],"wp:term":[{"taxonomy":"category","embeddable":true,"href":"https:\/\/diarioubatuba.com.br\/index.php?rest_route=%2Fwp%2Fv2%2Fcategories&post=15756"},{"taxonomy":"post_tag","embeddable":true,"href":"https:\/\/diarioubatuba.com.br\/index.php?rest_route=%2Fwp%2Fv2%2Ftags&post=15756"}],"curies":[{"name":"wp","href":"https:\/\/api.w.org\/{rel}","templated":true}]}}