{"id":15749,"date":"2026-04-25T03:51:38","date_gmt":"2026-04-25T03:51:38","guid":{"rendered":"https:\/\/diarioubatuba.com.br\/?p=15749"},"modified":"2026-04-25T04:22:57","modified_gmt":"2026-04-25T04:22:57","slug":"ubatuba-recebe-neste-sabado-mais-uma-edicao-do-desafio-28-praias","status":"publish","type":"post","link":"https:\/\/diarioubatuba.com.br\/?p=15749","title":{"rendered":"Ubatuba recebe na pr\u00f3ximo s\u00e1bado mais uma edi\u00e7\u00e3o do Desafio 28 Praias"},"content":{"rendered":"<div>\n<p>Ubatuba recebe no pr\u00f3ximo s\u00e1bado, 25, mais uma edi\u00e7\u00e3o do Desafio 28 Praias, prova j\u00e1 tradicional no calend\u00e1rio esportivo da cidade e que deve unir aproxamadamente 2,5 mil corredores. A competi\u00e7\u00e3o contar\u00e1 com percursos de 07 km, 14 km, 21 km e 42 km, nas categorias solo e revezamento, passando por diferentes bairros e conectando praias, trilhas, trechos urbanos e travessias no espa\u00e7o do trajeto. <\/p>\n<p>A arena de chegada ser\u00e1 montada na Praia Grande, onde tamb\u00e9m ocorrer\u00e1 a retirada de kits nos dias 23, quinta-feira, das 15h \u00e0s 21h, e 24, sexta-feira, das 10h \u00e0s 23h. A planejamento informa que n\u00e3o haver\u00e1 entrega de kits no dia da prova. Para a retirada, \u00e9 obrigat\u00f3rio apresentar documento original com foto, e, em alguns casos, documenta\u00e7\u00e3o complementar prevista no regulamento, como atestado m\u00e9dico para determinadas categorias. <\/p>\n<p>As largadas ser\u00e3o distribu\u00eddas em v\u00e1rios pontos da cidade, conforme com a dist\u00e2ncia escolhida. A prova de 7 km ter\u00e1 come\u00e7o na Praia do Cruzeiro; a de 14 km, no Perequ\u00ea-A\u00e7u; a de 21 km, em Itamambuca; e a de 42 km, em Ubatumirim. Todas as provas terminam na Praia Grande, consolidando um percurso que combina desafio esportivo e contato com as paisagens naturais da cidade. <\/p>\n<p>\u201cO Desafio 28 Praias j\u00e1 se tornou uma refer\u00eancia no calend\u00e1rio esportivo de Ubatuba e movimenta n\u00e3o apenas os atletas, mas toda a cidade. \u00c9 um evento que valoriza nossas paisagens, incentiva a pr\u00e1tica esportiva e tamb\u00e9m gera impacto positivo para o turismo e para a economia local\u201d, destacou o secret\u00e1rio de Esportes, Saulo Souza. <\/p>\n<p>\u00a0\u201c\u00c9 uma prova que exige preparo f\u00edsico, estrat\u00e9gia e respeito \u00e0s caracter\u00edsticas do percurso. Os atletas passam por areia, trilhas, asfalto e travessias, em um desafio bastante completo. Ao mesmo tempo, toda a organiza\u00e7\u00e3o \u00e9 pensada para garantir seguran\u00e7a, orienta\u00e7\u00e3o e suporte ao longo do trajeto\u201d, afirmou o diretor t\u00e9cnico do acontecimento, Felipe Iannucci. <\/p>\n<p>Conforme o guia oficial do esportista, a prova conta com trechos em areia, trilha, asfalto, terra e travessias de rio, variando conforme a dist\u00e2ncia. Em pontos espec\u00edficos, como nas travessias do Rio Itamambuca, Rio Indai\u00e1 e Rio Quiririm, haver\u00e1 apoio de bombeiros, guarda-vidas, barcos e coletes salva-vidas, conforme a necessidade do percurso e as condi\u00e7\u00f5es do local. <\/p>\n<p dir=\"ltr\"><em><strong>Fonte: Secretaria de Comunica\u00e7\u00e3o \/ PMU<\/strong><\/em> \t<\/p>\n<\/div>\n","protected":false},"excerpt":{"rendered":"<p>Ubatuba recebe no pr\u00f3ximo s\u00e1bado, 25, mais uma edi\u00e7\u00e3o do Desafio 28 Praias, prova j\u00e1 tradicional no calend\u00e1rio esportivo da cidade e que deve unir aproxamadamente 2,5 mil corredores. A competi\u00e7\u00e3o contar\u00e1 com percursos de 07 km, 14 km, 21 km e 42 km, nas categorias solo e revezamento, passando por diferentes bairros e conectando<\/p>\n","protected":false},"author":1,"featured_media":15750,"comment_status":"closed","ping_status":"closed","sticky":false,"template":"","format":"standard","meta":{"footnotes":""},"categories":[33],"tags":[167,163],"class_list":{"0":"post-15749","1":"post","2":"type-post","3":"status-publish","4":"format-standard","5":"has-post-thumbnail","7":"category-ubatuba","8":"tag-cidades","9":"tag-ubatuba"},"_links":{"self":[{"href":"https:\/\/diarioubatuba.com.br\/index.php?rest_route=\/wp\/v2\/posts\/15749","targetHints":{"allow":["GET"]}}],"collection":[{"href":"https:\/\/diarioubatuba.com.br\/index.php?rest_route=\/wp\/v2\/posts"}],"about":[{"href":"https:\/\/diarioubatuba.com.br\/index.php?rest_route=\/wp\/v2\/types\/post"}],"author":[{"embeddable":true,"href":"https:\/\/diarioubatuba.com.br\/index.php?rest_route=\/wp\/v2\/users\/1"}],"replies":[{"embeddable":true,"href":"https:\/\/diarioubatuba.com.br\/index.php?rest_route=%2Fwp%2Fv2%2Fcomments&post=15749"}],"version-history":[{"count":1,"href":"https:\/\/diarioubatuba.com.br\/index.php?rest_route=\/wp\/v2\/posts\/15749\/revisions"}],"predecessor-version":[{"id":15752,"href":"https:\/\/diarioubatuba.com.br\/index.php?rest_route=\/wp\/v2\/posts\/15749\/revisions\/15752"}],"wp:featuredmedia":[{"embeddable":true,"href":"https:\/\/diarioubatuba.com.br\/index.php?rest_route=\/wp\/v2\/media\/15750"}],"wp:attachment":[{"href":"https:\/\/diarioubatuba.com.br\/index.php?rest_route=%2Fwp%2Fv2%2Fmedia&parent=15749"}],"wp:term":[{"taxonomy":"category","embeddable":true,"href":"https:\/\/diarioubatuba.com.br\/index.php?rest_route=%2Fwp%2Fv2%2Fcategories&post=15749"},{"taxonomy":"post_tag","embeddable":true,"href":"https:\/\/diarioubatuba.com.br\/index.php?rest_route=%2Fwp%2Fv2%2Ftags&post=15749"}],"curies":[{"name":"wp","href":"https:\/\/api.w.org\/{rel}","templated":true}]}}