{"id":15740,"date":"2026-04-24T12:54:13","date_gmt":"2026-04-24T12:54:13","guid":{"rendered":"https:\/\/diarioubatuba.com.br\/?p=15740"},"modified":"2026-04-24T12:58:57","modified_gmt":"2026-04-24T12:58:57","slug":"dia-nacional-do-choro-sera-comemorado-com-musica-ao-vivo-em-ubatuba","status":"publish","type":"post","link":"https:\/\/diarioubatuba.com.br\/?p=15740","title":{"rendered":"Dia Nacional do Choro ser\u00e1 festejado com m\u00fasica ao vivo em Ubatuba"},"content":{"rendered":"<div> \t\t\t\t\t\t \t\t\t\t\t\t\t\t \t\t\t\t<meta itemprop=\"datePublished\" content=\"2026-04-22\"> \t\t\t\t<meta itemprop=\"dateModified\" content=\"2026-04-22\"> \t\t\t\t \t\t\t \t\t\t\t<\/p>\n<p>Dia Nacional do Choro ser\u00e1 festejado com m\u00fasica ao vivo em Ubatuba<\/p>\n<p><span>Postado em <span>22\/04\/2026<\/span><\/span> \t\t\t\t\t\t\t\t\t\t\t\t\t\t<\/p>\n<figure itemscope>\n<\/figure>\n<div itemprop=\"articleBody\">\n<p>Ser\u00e1 celebrado na pr\u00f3xima quinta, 23, o Dia Nacional do Choro com uma programa\u00e7\u00e3o especial e gratuita de frente ao Casar\u00e3o da Secretaria de Turismo, na avenida Iperoig, em Ubatuba. A apresenta\u00e7\u00e3o ter\u00e1 come\u00e7o \u00e0s 19h e contar\u00e1 com a participa\u00e7\u00e3o do Clube do Choro de Ubatuba, al\u00e9m dos grupos Sons de Lira, Coletivo Instrumental e \u00c1lvaro Fausane Trio (Choro Xadrez).<\/p>\n<p>A iniciativa valoriza um dos g\u00eaneros mais tradicionais da m\u00fasica brasileira e refor\u00e7a a presen\u00e7a do choro na cena cultural da cidade. O acontecimento \u00e9 aberto aos mun\u00edcipes e convida moradores e visitantes a prestigiarem uma noite dedicada \u00e0 m\u00fasica instrumental e \u00e0 mem\u00f3ria cultural brasileira.<\/p>\n<p>\u201cO Dia Nacional do Choro \u00e9 uma data importante para valorizar a m\u00fasica brasileira e reconhecer o trabalho dos artistas e grupos que mant\u00eam esse g\u00eanero vivo em nossa cidade. Ubatuba tem uma voca\u00e7\u00e3o cultural muito forte, e iniciativas como essa ajudam a aproximar a popula\u00e7\u00e3o da arte, al\u00e9m de enriquecer a programa\u00e7\u00e3o cultural e tur\u00edstica do munic\u00edpio\u201d, destacou o secret\u00e1rio de Turismo, Anderson Paiva.<\/p>\n<p>Em Ubatuba, o Dia Nacional do Choro j\u00e1 integra a agenda cultural da cidade e contribui para dar visibilidade aos m\u00fasicos locais e \u00e0 tradi\u00e7\u00e3o do g\u00eanero.<\/p>\n<\/p><\/div>\n<\/p><\/div>\n","protected":false},"excerpt":{"rendered":"<p>Dia Nacional do Choro ser\u00e1 festejado com m\u00fasica ao vivo em Ubatuba Postado em 22\/04\/2026 Ser\u00e1 celebrado na pr\u00f3xima quinta, 23, o Dia Nacional do Choro com uma programa\u00e7\u00e3o especial e gratuita de frente ao Casar\u00e3o da Secretaria de Turismo, na avenida Iperoig, em Ubatuba. A apresenta\u00e7\u00e3o ter\u00e1 come\u00e7o \u00e0s 19h e contar\u00e1 com a<\/p>\n","protected":false},"author":1,"featured_media":15741,"comment_status":"closed","ping_status":"closed","sticky":false,"template":"","format":"standard","meta":{"footnotes":""},"categories":[33],"tags":[163],"class_list":{"0":"post-15740","1":"post","2":"type-post","3":"status-publish","4":"format-standard","5":"has-post-thumbnail","7":"category-ubatuba","8":"tag-ubatuba"},"_links":{"self":[{"href":"https:\/\/diarioubatuba.com.br\/index.php?rest_route=\/wp\/v2\/posts\/15740","targetHints":{"allow":["GET"]}}],"collection":[{"href":"https:\/\/diarioubatuba.com.br\/index.php?rest_route=\/wp\/v2\/posts"}],"about":[{"href":"https:\/\/diarioubatuba.com.br\/index.php?rest_route=\/wp\/v2\/types\/post"}],"author":[{"embeddable":true,"href":"https:\/\/diarioubatuba.com.br\/index.php?rest_route=\/wp\/v2\/users\/1"}],"replies":[{"embeddable":true,"href":"https:\/\/diarioubatuba.com.br\/index.php?rest_route=%2Fwp%2Fv2%2Fcomments&post=15740"}],"version-history":[{"count":1,"href":"https:\/\/diarioubatuba.com.br\/index.php?rest_route=\/wp\/v2\/posts\/15740\/revisions"}],"predecessor-version":[{"id":15742,"href":"https:\/\/diarioubatuba.com.br\/index.php?rest_route=\/wp\/v2\/posts\/15740\/revisions\/15742"}],"wp:featuredmedia":[{"embeddable":true,"href":"https:\/\/diarioubatuba.com.br\/index.php?rest_route=\/wp\/v2\/media\/15741"}],"wp:attachment":[{"href":"https:\/\/diarioubatuba.com.br\/index.php?rest_route=%2Fwp%2Fv2%2Fmedia&parent=15740"}],"wp:term":[{"taxonomy":"category","embeddable":true,"href":"https:\/\/diarioubatuba.com.br\/index.php?rest_route=%2Fwp%2Fv2%2Fcategories&post=15740"},{"taxonomy":"post_tag","embeddable":true,"href":"https:\/\/diarioubatuba.com.br\/index.php?rest_route=%2Fwp%2Fv2%2Ftags&post=15740"}],"curies":[{"name":"wp","href":"https:\/\/api.w.org\/{rel}","templated":true}]}}