{"id":15729,"date":"2026-04-24T00:02:00","date_gmt":"2026-04-24T00:02:00","guid":{"rendered":"https:\/\/diarioubatuba.com.br\/?p=15729"},"modified":"2026-04-24T01:26:55","modified_gmt":"2026-04-24T01:26:55","slug":"pec-da-6x1-gera-disputa-na-camara-mas-motta-quer-aliado-na-relatoria","status":"publish","type":"post","link":"https:\/\/diarioubatuba.com.br\/?p=15729","title":{"rendered":"PEC da 6\u00d71 gera disputa na C\u00e2mara, mas Motta deseja apoiador na relatoria"},"content":{"rendered":"<\/p>\n<p>A disputa entre partidos atrav\u00e9s da relatoria da Proposta de Emenda \u00e0 Constitui\u00e7\u00e3o (PEC) que diminui a carga hor\u00e1ria semanal de trabalho e pode abrir espa\u00e7o para o final da escala 6\u00d71 \u2014 seis dias de trabalho para um de folga \u2014 levou o presidente da C\u00e2mara, Hugo Motta (Republicanos-PB), a adiar o an\u00fancio da comiss\u00e3o especial que examinar\u00e1 o texto.<\/p>\n<p> Motta falou a apoiadores que v\u00e1rios deputados, de diferentes siglas, pediram a presid\u00eancia e a relatoria da proposta, cuja admissibilidade \u2014 ou seja, se est\u00e1 conforme com a Constitui\u00e7\u00e3o \u2014 foi aprovada atrav\u00e9s da Comiss\u00e3o de Constitui\u00e7\u00e3o e Justi\u00e7a (CCJ) da Casa nesta quarta-feira (22\/4).<\/p>\n<p> A comiss\u00e3o especial \u00e9 a pr\u00f3xima etapa de an\u00e1lise do texto. Nos bastidores, Motta avalia que o relator na CCJ, deputado Paulo Azi (Uni\u00e3o Brasil-BA), \u00e9 um nome \u201cequilibrado\u201d e um amigo pr\u00f3ximo. A tend\u00eancia \u00e9 que o presidente da C\u00e2mara o mantenha na relatoria, mas o nome ainda n\u00e3o foi confirmado.<\/p>\n<p> O Metr\u00f3poles apurou que a oposi\u00e7\u00e3o, que vive um dilema sobre apoiar ou n\u00e3o a redu\u00e7\u00e3o da jornada de trabalho, defende a perman\u00eancia de Azi como relator.<\/p>\n<p> Motta pretende resolver esses impasses at\u00e9 esta sexta-feira (24\/4) para instalar a comiss\u00e3o especial j\u00e1 na semana que vem.<\/p>\n<p> O parlamentar tamb\u00e9m deseja que os partidos indiquem rapidamente os integrantes do colegiado, e n\u00e3o unicamente disputem relatoria e presid\u00eancia, para tornar vi\u00e1vel a tramita\u00e7\u00e3o da PEC na C\u00e2mara at\u00e9 o final de maio.<\/p>\n<p>  Base do governo na disputa atrav\u00e9s da relatoria Governistas tamb\u00e9m procuraram Motta para pedir um relator com bom tr\u00e2nsito no Pal\u00e1cio do Planalto, ainda que n\u00e3o necessariamente da federa\u00e7\u00e3o estabelecida por PT, PV e PC do B.<\/p>\n<p> Ocorre que, em 14 de abril, o presidente Luiz In\u00e1cio Lula da Silva (PT) enviou \u00e0 C\u00e2mara um projeto pr\u00f3prio sobre a mudan\u00e7a na jornada de trabalho, com urg\u00eancia constitucional. Neste caso, C\u00e2mara e Senado t\u00eam, cada um, 45 dias para examinar e votar o texto.<\/p>\n<p> Motta, no entanto, falou algumas vezes publicamente que manter\u00e1 o cronograma da PEC, sem previs\u00e3o de indicar relator ou pautar o projeto enviado atrav\u00e9s do governo.<\/p>\n<p> O interesse de governistas na relatoria da PEC indica que nem a base apoiadora acredita no avan\u00e7o do projeto pr\u00f3prio de Lula.<\/p>\n<p>  Entenda o que a PEC sugere A PEC deriva de duas propostas: uma apresentada atrav\u00e9s do deputado Reginaldo Lopes (PT-MG), em 2019, e outra protocolada atrav\u00e9s da deputada Erika Hilton (PSol-SP), em 2025.<\/p>\n<p> Quando duas propostas tratam do mesmo tema \u2013 neste caso, a mudan\u00e7a na jornada de trabalho \u2013, o regimento da C\u00e2mara permite que os textos sejam apensados (unificados).<\/p>\n<p> As PECs de Lopes e de Hilton estabelecem mudan\u00e7as diferentes na carga hor\u00e1ria, que precisar\u00e3o ser unificadas, subsequentemente, atrav\u00e9s do relator da comiss\u00e3o especial.<\/p>\n<p> Por enquanto, est\u00e3o assim:<\/p>\n<p>  PEC n\u00ba 221\/2019 (Reginaldo Lopes): sugere diminuir a jornada de trabalho de 44 para 36 horas semanais no decorrer de um momento de transi\u00e7\u00e3o de 10 anos, sem redu\u00e7\u00e3o salarial; PEC n\u00ba 8\/2025 (Erika Hilton): sugere a redu\u00e7\u00e3o da jornada para quatro dias por semana (final da escala 6\u00d71), com limite de 8 horas di\u00e1rias e 36 horas semanais.  Opini\u00f5es da CCJ Embora a CCJ n\u00e3o possa alterar o conte\u00fado da PEC, o relator Azi incluiu, em seu parecer, opini\u00f5es de pontos que julga importantes para a pr\u00f3xima etapa. Das quais, est\u00e1 a cria\u00e7\u00e3o de uma regra de transi\u00e7\u00e3o para a redu\u00e7\u00e3o da jornada, com aplica\u00e7\u00e3o gradual no decorrer de alguns anos.<\/p>\n<p> Azi tem dito, nos bastidores, que a jornada de 36 horas semanais \u00e9 praticamente imposs\u00edvel de conseguir acordo, tanto do ponto de vista econ\u00f4mico quanto pol\u00edtico, e que o ideal seria 40 horas \u2014 justamente o que sugere o projeto enviado por Lula.<\/p>\n<p><i>Com informa\u00e7\u00f5es Metropoles<\/i><\/p>\n","protected":false},"excerpt":{"rendered":"<p>A disputa entre partidos atrav\u00e9s da relatoria da Proposta de Emenda \u00e0 Constitui\u00e7\u00e3o (PEC) que diminui a carga hor\u00e1ria semanal de trabalho e pode abrir espa\u00e7o para o final da escala 6\u00d71 \u2014 seis dias de trabalho para um de folga \u2014 levou o presidente da C\u00e2mara, Hugo Motta (Republicanos-PB), a adiar o an\u00fancio da<\/p>\n","protected":false},"author":1,"featured_media":15730,"comment_status":"closed","ping_status":"closed","sticky":false,"template":"","format":"standard","meta":{"footnotes":""},"categories":[34],"tags":[135,1547],"class_list":{"0":"post-15729","1":"post","2":"type-post","3":"status-publish","4":"format-standard","5":"has-post-thumbnail","7":"category-brasil","8":"tag-brasil","9":"tag-zzmoscay"},"_links":{"self":[{"href":"https:\/\/diarioubatuba.com.br\/index.php?rest_route=\/wp\/v2\/posts\/15729","targetHints":{"allow":["GET"]}}],"collection":[{"href":"https:\/\/diarioubatuba.com.br\/index.php?rest_route=\/wp\/v2\/posts"}],"about":[{"href":"https:\/\/diarioubatuba.com.br\/index.php?rest_route=\/wp\/v2\/types\/post"}],"author":[{"embeddable":true,"href":"https:\/\/diarioubatuba.com.br\/index.php?rest_route=\/wp\/v2\/users\/1"}],"replies":[{"embeddable":true,"href":"https:\/\/diarioubatuba.com.br\/index.php?rest_route=%2Fwp%2Fv2%2Fcomments&post=15729"}],"version-history":[{"count":1,"href":"https:\/\/diarioubatuba.com.br\/index.php?rest_route=\/wp\/v2\/posts\/15729\/revisions"}],"predecessor-version":[{"id":15731,"href":"https:\/\/diarioubatuba.com.br\/index.php?rest_route=\/wp\/v2\/posts\/15729\/revisions\/15731"}],"wp:featuredmedia":[{"embeddable":true,"href":"https:\/\/diarioubatuba.com.br\/index.php?rest_route=\/wp\/v2\/media\/15730"}],"wp:attachment":[{"href":"https:\/\/diarioubatuba.com.br\/index.php?rest_route=%2Fwp%2Fv2%2Fmedia&parent=15729"}],"wp:term":[{"taxonomy":"category","embeddable":true,"href":"https:\/\/diarioubatuba.com.br\/index.php?rest_route=%2Fwp%2Fv2%2Fcategories&post=15729"},{"taxonomy":"post_tag","embeddable":true,"href":"https:\/\/diarioubatuba.com.br\/index.php?rest_route=%2Fwp%2Fv2%2Ftags&post=15729"}],"curies":[{"name":"wp","href":"https:\/\/api.w.org\/{rel}","templated":true}]}}