{"id":15660,"date":"2026-04-19T03:34:16","date_gmt":"2026-04-19T03:34:16","guid":{"rendered":"https:\/\/diarioubatuba.com.br\/?p=15660"},"modified":"2026-04-19T03:56:37","modified_gmt":"2026-04-19T03:56:37","slug":"incendio-atinge-historico-edificio-touring-no-centro-do-rio","status":"publish","type":"post","link":"https:\/\/diarioubatuba.com.br\/?p=15660","title":{"rendered":"Inc\u00eandio atinge hist\u00f3rico Edif\u00edcio Touring, no centro do Rio"},"content":{"rendered":"<\/p>\n<p>Um inc\u00eandio atingiu o Edif\u00edcio Touring, na Pra\u00e7a Mau\u00e1, no Rio de Janeiro, no come\u00e7o da madrugada deste s\u00e1bado (18\/4). A Orla Prefeito Luiz Paulo Conde est\u00e1 interditada, na altura do Pier Mau\u00e1, em fun\u00e7\u00e3o do trabalho do Corpo de Bombeiros.<\/p>\n<p> Conforme o Centro de Opera\u00e7\u00f5es do Rio, as chamas j\u00e1 foram controladas.<\/p>\n<p>  PRA\u00c7A MAU\u00c1 | INC\u00caNDIO EM IM\u00d3VEL<\/p>\n<p> A Orla Prefeito Luiz Paulo Conde est\u00e1 interditada, na altura do Pier Mau\u00e1, no Centro, em fun\u00e7\u00e3o do trabalho do Corpo de Bombeiros, no enfrentamento as chamas em um im\u00f3vel. O fogo j\u00e1 foi controlado<\/p>\n<p> Equipes dos Bombeiros atuam na ocorr\u00eancia.#CORInforma\u2026 pic.twitter.com\/QShzue3FAk<\/p>\n<p> \u2014 Centro de Opera\u00e7\u00f5es Rio (@OperacoesRio) April 18, 2026<\/p>\n<p>  O Edif\u00edcio Touring foi inaugurado em 1926 e tombado em 1960. No local, funcionou o Antigo Terminal de Passageiros Mar\u00edtimos. No come\u00e7o do ano, foi inaugurado no edif\u00edcio um polo gastron\u00f4mico com tr\u00eas restaurantes, al\u00e9m de um bar com vista para a Ba\u00eda de Guanabara.<\/p>\n<p>Receba not\u00edcias do Metr\u00f3poles no seu Telegram e fique por dentro de tudo! Basta entrar o canal: https:\/\/t.me\/metropolesurgente.<\/p>\n<p><i>Com informa\u00e7\u00f5es Metropoles<\/i><\/p>\n","protected":false},"excerpt":{"rendered":"<p>Um inc\u00eandio atingiu o Edif\u00edcio Touring, na Pra\u00e7a Mau\u00e1, no Rio de Janeiro, no come\u00e7o da madrugada deste s\u00e1bado (18\/4). A Orla Prefeito Luiz Paulo Conde est\u00e1 interditada, na altura do Pier Mau\u00e1, em fun\u00e7\u00e3o do trabalho do Corpo de Bombeiros. Conforme o Centro de Opera\u00e7\u00f5es do Rio, as chamas j\u00e1 foram controladas. PRA\u00c7A MAU\u00c1<\/p>\n","protected":false},"author":1,"featured_media":15661,"comment_status":"closed","ping_status":"closed","sticky":false,"template":"","format":"standard","meta":{"footnotes":""},"categories":[34],"tags":[135,1547],"class_list":{"0":"post-15660","1":"post","2":"type-post","3":"status-publish","4":"format-standard","5":"has-post-thumbnail","7":"category-brasil","8":"tag-brasil","9":"tag-zzmoscay"},"_links":{"self":[{"href":"https:\/\/diarioubatuba.com.br\/index.php?rest_route=\/wp\/v2\/posts\/15660","targetHints":{"allow":["GET"]}}],"collection":[{"href":"https:\/\/diarioubatuba.com.br\/index.php?rest_route=\/wp\/v2\/posts"}],"about":[{"href":"https:\/\/diarioubatuba.com.br\/index.php?rest_route=\/wp\/v2\/types\/post"}],"author":[{"embeddable":true,"href":"https:\/\/diarioubatuba.com.br\/index.php?rest_route=\/wp\/v2\/users\/1"}],"replies":[{"embeddable":true,"href":"https:\/\/diarioubatuba.com.br\/index.php?rest_route=%2Fwp%2Fv2%2Fcomments&post=15660"}],"version-history":[{"count":1,"href":"https:\/\/diarioubatuba.com.br\/index.php?rest_route=\/wp\/v2\/posts\/15660\/revisions"}],"predecessor-version":[{"id":15662,"href":"https:\/\/diarioubatuba.com.br\/index.php?rest_route=\/wp\/v2\/posts\/15660\/revisions\/15662"}],"wp:featuredmedia":[{"embeddable":true,"href":"https:\/\/diarioubatuba.com.br\/index.php?rest_route=\/wp\/v2\/media\/15661"}],"wp:attachment":[{"href":"https:\/\/diarioubatuba.com.br\/index.php?rest_route=%2Fwp%2Fv2%2Fmedia&parent=15660"}],"wp:term":[{"taxonomy":"category","embeddable":true,"href":"https:\/\/diarioubatuba.com.br\/index.php?rest_route=%2Fwp%2Fv2%2Fcategories&post=15660"},{"taxonomy":"post_tag","embeddable":true,"href":"https:\/\/diarioubatuba.com.br\/index.php?rest_route=%2Fwp%2Fv2%2Ftags&post=15660"}],"curies":[{"name":"wp","href":"https:\/\/api.w.org\/{rel}","templated":true}]}}