{"id":15652,"date":"2026-04-18T12:29:35","date_gmt":"2026-04-18T12:29:35","guid":{"rendered":"https:\/\/diarioubatuba.com.br\/?p=15652"},"modified":"2026-04-18T12:29:37","modified_gmt":"2026-04-18T12:29:37","slug":"deputado-destina-recursos-para-fortalecer-a-saude-em-municipios-da-regiao-de-aracatuba","status":"publish","type":"post","link":"https:\/\/diarioubatuba.com.br\/?p=15652","title":{"rendered":"Deputado destina recursos para fortalecer a sa\u00fade em munic\u00edpios da regi\u00e3o de Ara\u00e7atuba"},"content":{"rendered":"\n<p>O deputado estadual Dirceu Dalben anunciou a destina\u00e7\u00e3o de recursos voltados ao fortalecimento da sa\u00fade p\u00fablica em munic\u00edpios da regi\u00e3o de Ara\u00e7atuba. A iniciativa prev\u00ea o repasse de R$ 150 mil para cada cidade que participou da audi\u00eancia p\u00fablica do Or\u00e7amento Estadual de 2027, realizada recentemente no munic\u00edpio. Como cidade anfitri\u00e3, Ara\u00e7atuba receber\u00e1 um valor ampliado de R$ 300 mil.<\/p>\n\n\n\n<p>Ao todo, a a\u00e7\u00e3o contempla 20 munic\u00edpios da regi\u00e3o (Ara\u00e7atuba, Magda, Santa Albertina, Santa F\u00e9 do Sul, Planalto, Santo Ant\u00f4nio do Aracangu\u00e1, Rin\u00f3polis, Andradina, Buritama, Bilac, Torrinha, Murutinga do Sul, Turi\u00faba, Brejo Alegre, B\u00e1lsamo, Nova Castilho, Lourdes, Coroados, Cardoso, Mon\u00e7\u00f5es), somando cerca de R$ 3,15 milh\u00f5es em investimentos. Os recursos ser\u00e3o destinados ao custeio de servi\u00e7os de sa\u00fade, contribuindo para a manuten\u00e7\u00e3o e melhoria do atendimento \u00e0 popula\u00e7\u00e3o.<\/p>\n\n\n\n<p>Segundo o parlamentar, os valores s\u00e3o provenientes da Comiss\u00e3o de Finan\u00e7as, Or\u00e7amento e Planejamento da Assembleia Legislativa do Estado de S\u00e3o Paulo (Alesp), que passou a contar, desde 2024, com uma reserva or\u00e7ament\u00e1ria espec\u00edfica para regi\u00f5es que sediam audi\u00eancias p\u00fablicas \u2014 uma medida considerada inovadora no processo de constru\u00e7\u00e3o do or\u00e7amento estadual.<\/p>\n\n\n\n<p>A audi\u00eancia realizada em Ara\u00e7atuba reuniu moradores, lideran\u00e7as locais e representantes pol\u00edticos, que apresentaram demandas priorit\u00e1rias para a regi\u00e3o. Entre os principais temas discutidos estiveram investimentos em sa\u00fade, atendimento a pessoas com autismo, educa\u00e7\u00e3o, infraestrutura e log\u00edstica.<\/p>\n\n\n\n<p>De acordo com Dirceu Dalben, embora os recursos n\u00e3o atendam integralmente \u00e0s necessidades dos munic\u00edpios, a iniciativa representa um passo importante para apoiar e valorizar a gest\u00e3o local. O deputado tamb\u00e9m destacou a relev\u00e2ncia da participa\u00e7\u00e3o popular na defini\u00e7\u00e3o das prioridades do or\u00e7amento estadual.<\/p>\n\n\n\n<p>O encontro contou com o apoio de lideran\u00e7as municipais, incluindo a presidente da C\u00e2mara de Ara\u00e7atuba, refor\u00e7ando a articula\u00e7\u00e3o entre diferentes esferas do poder p\u00fablico na busca por melhorias nos servi\u00e7os oferecidos \u00e0 popula\u00e7\u00e3o.<\/p>\n\n\n\n<p>A expectativa \u00e9 que os recursos j\u00e1 garantidos para 2027 contribuam para ampliar a capacidade de atendimento e a qualidade dos servi\u00e7os de sa\u00fade nos munic\u00edpios beneficiados, impactando diretamente o bem-estar da popula\u00e7\u00e3o regional.<\/p>\n","protected":false},"excerpt":{"rendered":"<p>O deputado estadual Dirceu Dalben anunciou a destina\u00e7\u00e3o de recursos voltados ao fortalecimento da sa\u00fade p\u00fablica em munic\u00edpios da regi\u00e3o de Ara\u00e7atuba. A iniciativa prev\u00ea o repasse de R$ 150 mil para cada cidade que participou da audi\u00eancia p\u00fablica do Or\u00e7amento Estadual de 2027, realizada recentemente no munic\u00edpio. Como cidade anfitri\u00e3, Ara\u00e7atuba receber\u00e1 um valor<\/p>\n","protected":false},"author":1,"featured_media":15653,"comment_status":"open","ping_status":"open","sticky":false,"template":"","format":"standard","meta":{"footnotes":""},"categories":[34],"tags":[],"class_list":{"0":"post-15652","1":"post","2":"type-post","3":"status-publish","4":"format-standard","5":"has-post-thumbnail","7":"category-brasil"},"_links":{"self":[{"href":"https:\/\/diarioubatuba.com.br\/index.php?rest_route=\/wp\/v2\/posts\/15652","targetHints":{"allow":["GET"]}}],"collection":[{"href":"https:\/\/diarioubatuba.com.br\/index.php?rest_route=\/wp\/v2\/posts"}],"about":[{"href":"https:\/\/diarioubatuba.com.br\/index.php?rest_route=\/wp\/v2\/types\/post"}],"author":[{"embeddable":true,"href":"https:\/\/diarioubatuba.com.br\/index.php?rest_route=\/wp\/v2\/users\/1"}],"replies":[{"embeddable":true,"href":"https:\/\/diarioubatuba.com.br\/index.php?rest_route=%2Fwp%2Fv2%2Fcomments&post=15652"}],"version-history":[{"count":1,"href":"https:\/\/diarioubatuba.com.br\/index.php?rest_route=\/wp\/v2\/posts\/15652\/revisions"}],"predecessor-version":[{"id":15654,"href":"https:\/\/diarioubatuba.com.br\/index.php?rest_route=\/wp\/v2\/posts\/15652\/revisions\/15654"}],"wp:featuredmedia":[{"embeddable":true,"href":"https:\/\/diarioubatuba.com.br\/index.php?rest_route=\/wp\/v2\/media\/15653"}],"wp:attachment":[{"href":"https:\/\/diarioubatuba.com.br\/index.php?rest_route=%2Fwp%2Fv2%2Fmedia&parent=15652"}],"wp:term":[{"taxonomy":"category","embeddable":true,"href":"https:\/\/diarioubatuba.com.br\/index.php?rest_route=%2Fwp%2Fv2%2Fcategories&post=15652"},{"taxonomy":"post_tag","embeddable":true,"href":"https:\/\/diarioubatuba.com.br\/index.php?rest_route=%2Fwp%2Fv2%2Ftags&post=15652"}],"curies":[{"name":"wp","href":"https:\/\/api.w.org\/{rel}","templated":true}]}}