{"id":15630,"date":"2026-04-17T04:52:23","date_gmt":"2026-04-17T04:52:23","guid":{"rendered":"https:\/\/diarioubatuba.com.br\/?p=15630"},"modified":"2026-04-17T05:16:33","modified_gmt":"2026-04-17T05:16:33","slug":"aposentados-ja-podem-consultar-previa-do-13-salario-veja-como","status":"publish","type":"post","link":"https:\/\/diarioubatuba.com.br\/?p=15630","title":{"rendered":"Aposentados j\u00e1 podem consultar pr\u00e9via do 13\u00b0 sal\u00e1rio. Veja como"},"content":{"rendered":"<\/p>\n<p>Aposentados e pensionistas do Instituto Nacional do Seguro Social (INSS) j\u00e1 podem consultar a pr\u00e9via do 13\u00ba sal\u00e1rio. A consulta \u00e9 feita por interm\u00e9dio do site e do App Meu INSS, no extrato de pagamento, e faz parte da antecipa\u00e7\u00e3o do pagamento do abono anual.\u00a0<\/p>\n<p> Este ano, o 13\u00ba ser\u00e1 pago atrav\u00e9s do INSS no m\u00eas de abril e maio. Conforme o Minist\u00e9rio da Previd\u00eancia, o pagamento continua o calend\u00e1rio oficial do INSS e \u00e9 feito conforme o n\u00famero final do cart\u00e3o de benef\u00edcio, desconsiderando o d\u00edgito verificador.<\/p>\n<p> O pagamento ser\u00e1 feito em duas parcelas. Veja as datas:<\/p>\n<p>  Primeira cota:\u00a0\u00a024 de abril at\u00e9 8 de maio Segunda cota:\u00a025 de maio a 8 de junho  Ainda conforme com o governo, antecipa\u00e7\u00e3o vai injetar aproxamadamente R$ 78,2 bilh\u00f5es na economia do pa\u00eds.<\/p>\n<p>  O pagamento vale para benefici\u00e1rios que tenham recebido em 2025:<\/p>\n<p>  aux\u00edlio por incapacidade tempor\u00e1ria; aux\u00edlio-acidente; aposentadoria; pens\u00e3o por morte; ou aux\u00edlio-reclus\u00e3o.  De acordo com o Minist\u00e9rio da Previd\u00eancia Social, 23,3 milh\u00f5es de benefici\u00e1rios \u2014 aproxamadamente 66,2% do total \u2014 recebem at\u00e9 um sal\u00e1rio m\u00ednimo (R$ 1.621). Outros 11,9 milh\u00f5es de benefici\u00e1rios recebem valor superior ao piso nacional. Desse total, 13,7 mil s\u00e3o iguais ao teto da Previd\u00eancia Social (R$ 8.475,55).<\/p>\n<p> \u00a0<\/p>\n<p><i>Com informa\u00e7\u00f5es Metropoles<\/i><\/p>\n","protected":false},"excerpt":{"rendered":"<p>Aposentados e pensionistas do Instituto Nacional do Seguro Social (INSS) j\u00e1 podem consultar a pr\u00e9via do 13\u00ba sal\u00e1rio. A consulta \u00e9 feita por interm\u00e9dio do site e do App Meu INSS, no extrato de pagamento, e faz parte da antecipa\u00e7\u00e3o do pagamento do abono anual.\u00a0 Este ano, o 13\u00ba ser\u00e1 pago atrav\u00e9s do INSS no<\/p>\n","protected":false},"author":1,"featured_media":15631,"comment_status":"closed","ping_status":"closed","sticky":false,"template":"","format":"standard","meta":{"footnotes":""},"categories":[34],"tags":[135,1547],"class_list":{"0":"post-15630","1":"post","2":"type-post","3":"status-publish","4":"format-standard","5":"has-post-thumbnail","7":"category-brasil","8":"tag-brasil","9":"tag-zzmoscay"},"_links":{"self":[{"href":"https:\/\/diarioubatuba.com.br\/index.php?rest_route=\/wp\/v2\/posts\/15630","targetHints":{"allow":["GET"]}}],"collection":[{"href":"https:\/\/diarioubatuba.com.br\/index.php?rest_route=\/wp\/v2\/posts"}],"about":[{"href":"https:\/\/diarioubatuba.com.br\/index.php?rest_route=\/wp\/v2\/types\/post"}],"author":[{"embeddable":true,"href":"https:\/\/diarioubatuba.com.br\/index.php?rest_route=\/wp\/v2\/users\/1"}],"replies":[{"embeddable":true,"href":"https:\/\/diarioubatuba.com.br\/index.php?rest_route=%2Fwp%2Fv2%2Fcomments&post=15630"}],"version-history":[{"count":1,"href":"https:\/\/diarioubatuba.com.br\/index.php?rest_route=\/wp\/v2\/posts\/15630\/revisions"}],"predecessor-version":[{"id":15632,"href":"https:\/\/diarioubatuba.com.br\/index.php?rest_route=\/wp\/v2\/posts\/15630\/revisions\/15632"}],"wp:featuredmedia":[{"embeddable":true,"href":"https:\/\/diarioubatuba.com.br\/index.php?rest_route=\/wp\/v2\/media\/15631"}],"wp:attachment":[{"href":"https:\/\/diarioubatuba.com.br\/index.php?rest_route=%2Fwp%2Fv2%2Fmedia&parent=15630"}],"wp:term":[{"taxonomy":"category","embeddable":true,"href":"https:\/\/diarioubatuba.com.br\/index.php?rest_route=%2Fwp%2Fv2%2Fcategories&post=15630"},{"taxonomy":"post_tag","embeddable":true,"href":"https:\/\/diarioubatuba.com.br\/index.php?rest_route=%2Fwp%2Fv2%2Ftags&post=15630"}],"curies":[{"name":"wp","href":"https:\/\/api.w.org\/{rel}","templated":true}]}}