{"id":15625,"date":"2026-04-16T21:49:01","date_gmt":"2026-04-16T21:49:01","guid":{"rendered":"https:\/\/diarioubatuba.com.br\/?p=15625"},"modified":"2026-04-16T22:02:39","modified_gmt":"2026-04-16T22:02:39","slug":"ubatuba-decide-vaga-no-fut-7-em-duelo-direto-contra-atibaia","status":"publish","type":"post","link":"https:\/\/diarioubatuba.com.br\/?p=15625","title":{"rendered":"Ubatuba decide vaga no Fut 7 em duelo direto contra Atibaia"},"content":{"rendered":"<div> \t\t\t\t\t\t \t\t\t\t\t\t\t\t \t\t\t\t<meta itemprop=\"datePublished\" content=\"2026-04-16\"> \t\t\t\t<meta itemprop=\"dateModified\" content=\"2026-04-16\"> \t\t\t\t \t\t\t \t\t\t\t<\/p>\n<p>Ubatuba decide vaga no Fut 7 em duelo direto contra Atibaia<\/p>\n<p><span>Postado em <span>16\/04\/2026<\/span><\/span> \t\t\t\t\t\t\t\t\t\t\t\t\t\t<\/p>\n<figure itemscope>\n<\/figure>\n<div itemprop=\"articleBody\">\n<p>A equipe de Fut 7 de Ubatuba volta a campo s\u00e1bado agora, 18, para a \u00faltima rodada da fase de grupos do torneio. O advers\u00e1rio ser\u00e1 Atibaia, em um confronto direto que vale vaga na fase que se segue da competi\u00e7\u00e3o. Depois de a vit\u00f3ria por 4 a 0 sobre o Xuxa Legends na estreia e o empate em 3 a 3 com o Bar\u00e3o de Mau\u00e1 na segunda rodada, o time ubatubense chega \u00e0 rodada decisiva dependendo de um empate para preservar a classifica\u00e7\u00e3o.<\/p>\n<p>A campanha tem sido marcada por competitividade e poder de rea\u00e7\u00e3o. No \u00faltimo comprometimento, Ubatuba buscou o empate e inteirou um ponto importante, mantendo-se viva na briga atrav\u00e9s da vaga. Agora, a equipe entra em campo com a vantagem de jogar por um resultado que pode assegurar a passagem \u00e0 segunda fase e consolidar a boa participa\u00e7\u00e3o da cidade em sua primeira experi\u00eancia no torneio oficial da Federa\u00e7\u00e3o Paulista de Fut 7.<\/p>\n<p>Inserido no Grupo A, ao lado de Atibaia, Xuxa Legends e Bar\u00e3o de Mau\u00e1, o time de Ubatuba tem demonstrado evolu\u00e7\u00e3o rodada depois de rodada e chega ao duelo decisivo com a expectativa de transformar o bom desempenho em classifica\u00e7\u00e3o.<\/p>\n<p>\u201cA equipe chega preparada para esse confronto decisivo. Sabemos da import\u00e2ncia do jogo e do equil\u00edbrio que a partida deve ter, mas confiamos no grupo e na dedica\u00e7\u00e3o dos atletas. Fizemos uma boa primeira fase e agora \u00e9 manter o foco, jogar com intelig\u00eancia e buscar essa classifica\u00e7\u00e3o, que seria muito importante para o Fut 7 de Ubatuba\u201d, destacou o treinador, Wagner Richard.<\/p>\n<\/p><\/div>\n<\/p><\/div>\n","protected":false},"excerpt":{"rendered":"<p>Ubatuba decide vaga no Fut 7 em duelo direto contra Atibaia Postado em 16\/04\/2026 A equipe de Fut 7 de Ubatuba volta a campo s\u00e1bado agora, 18, para a \u00faltima rodada da fase de grupos do torneio. O advers\u00e1rio ser\u00e1 Atibaia, em um confronto direto que vale vaga na fase que se segue da competi\u00e7\u00e3o.<\/p>\n","protected":false},"author":1,"featured_media":15626,"comment_status":"closed","ping_status":"closed","sticky":false,"template":"","format":"standard","meta":{"footnotes":""},"categories":[33],"tags":[163],"class_list":{"0":"post-15625","1":"post","2":"type-post","3":"status-publish","4":"format-standard","5":"has-post-thumbnail","7":"category-ubatuba","8":"tag-ubatuba"},"_links":{"self":[{"href":"https:\/\/diarioubatuba.com.br\/index.php?rest_route=\/wp\/v2\/posts\/15625","targetHints":{"allow":["GET"]}}],"collection":[{"href":"https:\/\/diarioubatuba.com.br\/index.php?rest_route=\/wp\/v2\/posts"}],"about":[{"href":"https:\/\/diarioubatuba.com.br\/index.php?rest_route=\/wp\/v2\/types\/post"}],"author":[{"embeddable":true,"href":"https:\/\/diarioubatuba.com.br\/index.php?rest_route=\/wp\/v2\/users\/1"}],"replies":[{"embeddable":true,"href":"https:\/\/diarioubatuba.com.br\/index.php?rest_route=%2Fwp%2Fv2%2Fcomments&post=15625"}],"version-history":[{"count":1,"href":"https:\/\/diarioubatuba.com.br\/index.php?rest_route=\/wp\/v2\/posts\/15625\/revisions"}],"predecessor-version":[{"id":15627,"href":"https:\/\/diarioubatuba.com.br\/index.php?rest_route=\/wp\/v2\/posts\/15625\/revisions\/15627"}],"wp:featuredmedia":[{"embeddable":true,"href":"https:\/\/diarioubatuba.com.br\/index.php?rest_route=\/wp\/v2\/media\/15626"}],"wp:attachment":[{"href":"https:\/\/diarioubatuba.com.br\/index.php?rest_route=%2Fwp%2Fv2%2Fmedia&parent=15625"}],"wp:term":[{"taxonomy":"category","embeddable":true,"href":"https:\/\/diarioubatuba.com.br\/index.php?rest_route=%2Fwp%2Fv2%2Fcategories&post=15625"},{"taxonomy":"post_tag","embeddable":true,"href":"https:\/\/diarioubatuba.com.br\/index.php?rest_route=%2Fwp%2Fv2%2Ftags&post=15625"}],"curies":[{"name":"wp","href":"https:\/\/api.w.org\/{rel}","templated":true}]}}