{"id":15621,"date":"2026-04-16T17:06:32","date_gmt":"2026-04-16T17:06:32","guid":{"rendered":"https:\/\/diarioubatuba.com.br\/?p=15621"},"modified":"2026-04-16T17:10:44","modified_gmt":"2026-04-16T17:10:44","slug":"criminosos-sao-presos-por-furto-de-bibicleta-e-trafico-de-entorpecentes-em-ubatuba","status":"publish","type":"post","link":"https:\/\/diarioubatuba.com.br\/?p=15621","title":{"rendered":"Bandidos s\u00e3o apreendidos por roubo de bibicleta e tr\u00e1fico de entorpecentes em Ubatuba"},"content":{"rendered":"<div id=\"header\">\n<p><span><picture><source media=\"(min-width: 1024px)\" ><source ><\/picture><\/span><span><\/span><\/p>\n<\/p><\/div>\n<div id=\"main-wrapper\">    \t\t<main id=\"main\">    \t\t      \t\t\t  \t\t\t \t \t \t \t\t\t\t\t \t\t\t \t \t\t\t \t  \t\t\t\t \t\t\t\t\t \t     \t\t \t<\/p>\n<div>\n<p>Durante ronda na \u00e1rea da Praia Grande, em Ubatuba, a Pol\u00edcia Militar recebeu informa\u00e7\u00f5es de que um pessoa havia acabado de furtar uma bicicleta. <\/p>\n<p>Baseado nas informa\u00e7\u00f5es, a equipe impulsionou o ronda e localizou dois suspeitos. No momento da abordagem, um dos bandidos tentou fugir, sendo rapidamente detido. <\/p>\n<p>Durante a a\u00e7\u00e3o, foi localizada a bicicleta furtada. Com o aux\u00edlio de imagens, foi capaz confirmar que um dos marginais foi o autor do roubo, enquanto o outro estava em posse de uma sacola contendo entorpecentes, havendo ind\u00edcios de que realizariam a troca da bicicleta atrav\u00e9s da droga. <\/p>\n<p>Ainda durante a ocorr\u00eancia, foi constatado que um dos detidos era procurado atrav\u00e9s do crime de roubo. Tamb\u00e9m foi confiscado um simulacro de arma de fogo, usado em roubos no munic\u00edpio de Ubatuba, al\u00e9m de materiais e apetrechos empregados na pr\u00e1tica criminosa. <\/p>\n<p>Dada a situa\u00e7\u00e3o, os bandidos foram apreendidos em flagrante atrav\u00e9s da Pol\u00edcia Militar e conduzidos para as provid\u00eancias cab\u00edveis na delegacia da cidade, onde permanecem \u00e0 disposi\u00e7\u00e3o da Justi\u00e7a. <\/p>\n<p><video id=\"video-196783-1\" width=\"810\" height=\"456\" preload=\"metadata\" controls=\"controls\"><source type=\"video\/mp4\" src=\"https:\/\/tamoiosnews.com.br\/wp-content\/uploads\/2026\/04\/WhatsApp-Video-2026-04-16-at-11.01.36.mp4?_=1\">http:\/\/tamoiosnews.com.br\/wp-content\/uploads\/2026\/04\/WhatsApp-Video-2026-04-16-at-11.01.36.mp4<\/video><\/p>\n<p><em><strong>Fonte\/V\u00eddeo: Pol\u00edcia Militar de SP<\/strong><\/em> \t<\/p>\n<\/div>\n<nav>  \t\t\t  \t\t    \t\t  \t\t\t  \t\t\t  \t<\/nav>\n<p>\t\t  \t\t<\/main>    \t\t  \t\t\t\t\t  \t  \t<\/p>\n<div>\n<h3><\/h3>\n<\/p><\/div>\n<\/p><\/div>\n","protected":false},"excerpt":{"rendered":"<p>Durante ronda na \u00e1rea da Praia Grande, em Ubatuba, a Pol\u00edcia Militar recebeu informa\u00e7\u00f5es de que um pessoa havia acabado de furtar uma bicicleta. Baseado nas informa\u00e7\u00f5es, a equipe impulsionou o ronda e localizou dois suspeitos. No momento da abordagem, um dos bandidos tentou fugir, sendo rapidamente detido. Durante a a\u00e7\u00e3o, foi localizada a bicicleta<\/p>\n","protected":false},"author":1,"featured_media":15622,"comment_status":"closed","ping_status":"closed","sticky":false,"template":"","format":"standard","meta":{"footnotes":""},"categories":[33],"tags":[167,163],"class_list":{"0":"post-15621","1":"post","2":"type-post","3":"status-publish","4":"format-standard","5":"has-post-thumbnail","7":"category-ubatuba","8":"tag-cidades","9":"tag-ubatuba"},"_links":{"self":[{"href":"https:\/\/diarioubatuba.com.br\/index.php?rest_route=\/wp\/v2\/posts\/15621","targetHints":{"allow":["GET"]}}],"collection":[{"href":"https:\/\/diarioubatuba.com.br\/index.php?rest_route=\/wp\/v2\/posts"}],"about":[{"href":"https:\/\/diarioubatuba.com.br\/index.php?rest_route=\/wp\/v2\/types\/post"}],"author":[{"embeddable":true,"href":"https:\/\/diarioubatuba.com.br\/index.php?rest_route=\/wp\/v2\/users\/1"}],"replies":[{"embeddable":true,"href":"https:\/\/diarioubatuba.com.br\/index.php?rest_route=%2Fwp%2Fv2%2Fcomments&post=15621"}],"version-history":[{"count":1,"href":"https:\/\/diarioubatuba.com.br\/index.php?rest_route=\/wp\/v2\/posts\/15621\/revisions"}],"predecessor-version":[{"id":15623,"href":"https:\/\/diarioubatuba.com.br\/index.php?rest_route=\/wp\/v2\/posts\/15621\/revisions\/15623"}],"wp:featuredmedia":[{"embeddable":true,"href":"https:\/\/diarioubatuba.com.br\/index.php?rest_route=\/wp\/v2\/media\/15622"}],"wp:attachment":[{"href":"https:\/\/diarioubatuba.com.br\/index.php?rest_route=%2Fwp%2Fv2%2Fmedia&parent=15621"}],"wp:term":[{"taxonomy":"category","embeddable":true,"href":"https:\/\/diarioubatuba.com.br\/index.php?rest_route=%2Fwp%2Fv2%2Fcategories&post=15621"},{"taxonomy":"post_tag","embeddable":true,"href":"https:\/\/diarioubatuba.com.br\/index.php?rest_route=%2Fwp%2Fv2%2Ftags&post=15621"}],"curies":[{"name":"wp","href":"https:\/\/api.w.org\/{rel}","templated":true}]}}