{"id":15613,"date":"2026-04-16T01:14:16","date_gmt":"2026-04-16T01:14:16","guid":{"rendered":"https:\/\/diarioubatuba.com.br\/?p=15613"},"modified":"2026-04-16T01:40:12","modified_gmt":"2026-04-16T01:40:12","slug":"der-sp-inicia-operacao-pare-e-siga-em-trecho-da-sp-055-em-ubatuba","status":"publish","type":"post","link":"https:\/\/diarioubatuba.com.br\/?p=15613","title":{"rendered":"DER-SP inicia opera\u00e7\u00e3o Pare e Siga em segmento da SP-055, em Ubatuba"},"content":{"rendered":"<div> \t\t\t\t\t\t \t\t\t\t\t\t\t\t \t\t\t\t<meta itemprop=\"datePublished\" content=\"2026-04-14\"> \t\t\t\t<meta itemprop=\"dateModified\" content=\"2026-04-14\"> \t\t\t\t \t\t\t \t\t\t\t<\/p>\n<p>DER-SP inicia opera\u00e7\u00e3o Pare e Siga em segmento da SP-055, em Ubatuba<\/p>\n<p><span>Postado em <span>14\/04\/2026<\/span><\/span> \t\t\t\t\t\t\t\t\t\t\t\t\t\t<\/p>\n<figure itemscope>\n<\/figure>\n<div itemprop=\"articleBody\">\n<p>O Departamento de Estradas de Rodagem de S\u00e3o Paulo (DER-SP), \u00f3rg\u00e3o vinculado \u00e0 Secretaria de Meio Ambiente, Infraestrutura e Log\u00edstica, realizou ter\u00e7a-feira agora, 14, a opera\u00e7\u00e3o Pare e Siga com tr\u00e1fego alternado nas pontes localizadas nos quil\u00f4metros 77,6 e 77,8 da Pista Doutor Manoel Hypp\u00f3lito Rego (SP-055\/Rio-Santos), em Ubatuba.<\/p>\n<p>A medida estima altern\u00e2ncia no fluxo de ve\u00edculos, com intervalos de aproximadamente 10 minutos para cada sentido, durante a passagem pelas estruturas, e tem dura\u00e7\u00e3o estimada de seis meses. De acordo com o DER-SP, a opera\u00e7\u00e3o \u00e9 necess\u00e1ria para preservar a seguran\u00e7a dos usu\u00e1rios da pista e das equipes que atuam na nova fase das obras de recupera\u00e7\u00e3o das pontes.<\/p>\n<p>As interven\u00e7\u00f5es ocorrem nas estruturas sobre o rio Arapir\u00e1, na altura do km 77,6, e sobre o rio Maranduba, no km 77,8, que est\u00e3o sob monitoramento t\u00e9cnico cont\u00ednuo desde outubro de 2025. As obras envolvem melhorias e recupera\u00e7\u00e3o estrutural das chamadas obras de arte especiais (OAE).<\/p>\n<p>Conforme o \u00f3rg\u00e3o estadual, todas as orienta\u00e7\u00f5es t\u00e9cnicas foram repassadas \u00e0 Prefeitura de Ubatuba, em alinhamento com as diretrizes de seguran\u00e7a adotadas para a execu\u00e7\u00e3o dos servi\u00e7os.<\/p>\n<p>O DER-SP destacou ainda que as decis\u00f5es relacionadas \u00e0s estruturas s\u00e3o tomadas baseado em an\u00e1lises t\u00e9cnicas, com o objetivo de preservar vidas e diminuir ao m\u00e1ximo os impactos para os cidad\u00e3os durante o momento de obras.<\/p>\n<p>Os trechos continuam devidamente sinalizados e contam com equipes de apoio no local para dire\u00e7\u00e3o e atendimento aos motoristas. O \u00f3rg\u00e3o refor\u00e7a o pedido de aten\u00e7\u00e3o \u00e0 sinaliza\u00e7\u00e3o e \u00e0s instru\u00e7\u00f5es dos agentes de tr\u00e1fego.<\/p>\n<p>Em caso de necessidade, o DER-SP pode ser acionado gratuitamente, 24 horas diariamente, atrav\u00e9s do telefone 0800 055 5510.<\/p>\n<\/p><\/div>\n<\/p><\/div>\n","protected":false},"excerpt":{"rendered":"<p>DER-SP inicia opera\u00e7\u00e3o Pare e Siga em segmento da SP-055, em Ubatuba Postado em 14\/04\/2026 O Departamento de Estradas de Rodagem de S\u00e3o Paulo (DER-SP), \u00f3rg\u00e3o vinculado \u00e0 Secretaria de Meio Ambiente, Infraestrutura e Log\u00edstica, realizou ter\u00e7a-feira agora, 14, a opera\u00e7\u00e3o Pare e Siga com tr\u00e1fego alternado nas pontes localizadas nos quil\u00f4metros 77,6 e 77,8<\/p>\n","protected":false},"author":1,"featured_media":15614,"comment_status":"closed","ping_status":"closed","sticky":false,"template":"","format":"standard","meta":{"footnotes":""},"categories":[33],"tags":[163],"class_list":{"0":"post-15613","1":"post","2":"type-post","3":"status-publish","4":"format-standard","5":"has-post-thumbnail","7":"category-ubatuba","8":"tag-ubatuba"},"_links":{"self":[{"href":"https:\/\/diarioubatuba.com.br\/index.php?rest_route=\/wp\/v2\/posts\/15613","targetHints":{"allow":["GET"]}}],"collection":[{"href":"https:\/\/diarioubatuba.com.br\/index.php?rest_route=\/wp\/v2\/posts"}],"about":[{"href":"https:\/\/diarioubatuba.com.br\/index.php?rest_route=\/wp\/v2\/types\/post"}],"author":[{"embeddable":true,"href":"https:\/\/diarioubatuba.com.br\/index.php?rest_route=\/wp\/v2\/users\/1"}],"replies":[{"embeddable":true,"href":"https:\/\/diarioubatuba.com.br\/index.php?rest_route=%2Fwp%2Fv2%2Fcomments&post=15613"}],"version-history":[{"count":1,"href":"https:\/\/diarioubatuba.com.br\/index.php?rest_route=\/wp\/v2\/posts\/15613\/revisions"}],"predecessor-version":[{"id":15618,"href":"https:\/\/diarioubatuba.com.br\/index.php?rest_route=\/wp\/v2\/posts\/15613\/revisions\/15618"}],"wp:featuredmedia":[{"embeddable":true,"href":"https:\/\/diarioubatuba.com.br\/index.php?rest_route=\/wp\/v2\/media\/15614"}],"wp:attachment":[{"href":"https:\/\/diarioubatuba.com.br\/index.php?rest_route=%2Fwp%2Fv2%2Fmedia&parent=15613"}],"wp:term":[{"taxonomy":"category","embeddable":true,"href":"https:\/\/diarioubatuba.com.br\/index.php?rest_route=%2Fwp%2Fv2%2Fcategories&post=15613"},{"taxonomy":"post_tag","embeddable":true,"href":"https:\/\/diarioubatuba.com.br\/index.php?rest_route=%2Fwp%2Fv2%2Ftags&post=15613"}],"curies":[{"name":"wp","href":"https:\/\/api.w.org\/{rel}","templated":true}]}}