{"id":15607,"date":"2026-04-15T17:53:05","date_gmt":"2026-04-15T17:53:05","guid":{"rendered":"https:\/\/diarioubatuba.com.br\/?p=15607"},"modified":"2026-04-15T17:59:38","modified_gmt":"2026-04-15T17:59:38","slug":"professor-e-investigado-por-suspeita-de-assedio-sexual-em-escola-estadual-de-ubatuba","status":"publish","type":"post","link":"https:\/\/diarioubatuba.com.br\/?p=15607","title":{"rendered":"Professor \u00e9 investigado por suspeita de ass\u00e9dio sexual em escola estadual de Ubatuba"},"content":{"rendered":"<div id=\"header\">\n<p><span><picture><source media=\"(min-width: 1024px)\" ><source ><\/picture><\/span><span><\/span><\/p>\n<\/p><\/div>\n<div id=\"main-wrapper\">    \t\t<main id=\"main\">    \t\t      \t\t\t  \t\t\t \t \t \t \t\t\t\t\t \t\t\t \t \t\t\t \t  \t\t\t\t \t\t\t\t\t \t     \t\t \t<\/p>\n<div>\n<p>Um caso de suposto ass\u00e9dio sexual envolvendo um professor e uma estudante de 13 anos est\u00e1 sendo investigado na Escola Estadual Aurelina Ferreira, localizada no bairro Estufa II, em Ubatuba. A den\u00fancia teria sido feita na \u00faltima semana. <\/p>\n<p>Conforme a Secretaria de Seguran\u00e7a P\u00fablica (SSP), o caso \u00e9 apurado sob sigilo com o aux\u00edlio de inqu\u00e9rito policial instaurado atrav\u00e9s da Delegacia de Defesa da Mulher de Ubatuba. As investiga\u00e7\u00f5es continuam em andamento, com dilig\u00eancias sendo realizadas para o completo esclarecimento dos fatos. Tratando-se de crime de natureza sexual e envolver menor de idade, detalhes adicionais n\u00e3o foram divulgados. <\/p>\n<p>Em comunicado, a Secretaria da Educa\u00e7\u00e3o do Estado de S\u00e3o Paulo informou que a Unidade Regional de Ensino (URE) de Caraguatatuba repudia qualquer forma de abuso ou ass\u00e9dio, dentro ou fora do ambiente escolar. Assim que tomou conhecimento da den\u00fancia, a dire\u00e7\u00e3o da escola determinou o afastamento do professor das atividades em sala de aula e iniciou uma apura\u00e7\u00e3o preliminar, que conseguir\u00e1 resultar em san\u00e7\u00f5es administrativas, incluindo exonera\u00e7\u00e3o. <\/p>\n<p>A pasta tamb\u00e9m destacou que os respons\u00e1veis atrav\u00e9s da estudante foram acolhidos e que o Conselho Tutelar foi acionado. O caso foi registrado na plataforma do Programa de Melhoria da Conviv\u00eancia e Prote\u00e7\u00e3o Escolar (Conviva SP) e est\u00e1 sendo seguido atrav\u00e9s da equipe regional, com apoio do psic\u00f3logo da unidade. <\/p>\n<p>A Secretaria refor\u00e7ou que se mant\u00e9m \u00e0 disposi\u00e7\u00e3o das autoridades para colaborar com as investiga\u00e7\u00f5es e tamb\u00e9m da popula\u00e7\u00e3o escolar para prestar esclarecimentos. <\/p>\n<p><em><strong>Reda\u00e7\u00e3o\/Tamoios News<\/strong><\/em> \t<\/p>\n<\/div>\n<nav>  \t\t\t  \t\t    \t\t  \t\t\t  \t\t\t  \t<\/nav>\n<p>\t\t  \t\t<\/main>    \t\t  \t\t\t\t\t  \t  \t<\/p>\n<div>\n<h3><\/h3>\n<\/p><\/div>\n<\/p><\/div>\n","protected":false},"excerpt":{"rendered":"<p>Um caso de suposto ass\u00e9dio sexual envolvendo um professor e uma estudante de 13 anos est\u00e1 sendo investigado na Escola Estadual Aurelina Ferreira, localizada no bairro Estufa II, em Ubatuba. A den\u00fancia teria sido feita na \u00faltima semana. Conforme a Secretaria de Seguran\u00e7a P\u00fablica (SSP), o caso \u00e9 apurado sob sigilo com o aux\u00edlio de<\/p>\n","protected":false},"author":1,"featured_media":15608,"comment_status":"closed","ping_status":"closed","sticky":false,"template":"","format":"standard","meta":{"footnotes":""},"categories":[33],"tags":[167,163],"class_list":{"0":"post-15607","1":"post","2":"type-post","3":"status-publish","4":"format-standard","5":"has-post-thumbnail","7":"category-ubatuba","8":"tag-cidades","9":"tag-ubatuba"},"_links":{"self":[{"href":"https:\/\/diarioubatuba.com.br\/index.php?rest_route=\/wp\/v2\/posts\/15607","targetHints":{"allow":["GET"]}}],"collection":[{"href":"https:\/\/diarioubatuba.com.br\/index.php?rest_route=\/wp\/v2\/posts"}],"about":[{"href":"https:\/\/diarioubatuba.com.br\/index.php?rest_route=\/wp\/v2\/types\/post"}],"author":[{"embeddable":true,"href":"https:\/\/diarioubatuba.com.br\/index.php?rest_route=\/wp\/v2\/users\/1"}],"replies":[{"embeddable":true,"href":"https:\/\/diarioubatuba.com.br\/index.php?rest_route=%2Fwp%2Fv2%2Fcomments&post=15607"}],"version-history":[{"count":1,"href":"https:\/\/diarioubatuba.com.br\/index.php?rest_route=\/wp\/v2\/posts\/15607\/revisions"}],"predecessor-version":[{"id":15609,"href":"https:\/\/diarioubatuba.com.br\/index.php?rest_route=\/wp\/v2\/posts\/15607\/revisions\/15609"}],"wp:featuredmedia":[{"embeddable":true,"href":"https:\/\/diarioubatuba.com.br\/index.php?rest_route=\/wp\/v2\/media\/15608"}],"wp:attachment":[{"href":"https:\/\/diarioubatuba.com.br\/index.php?rest_route=%2Fwp%2Fv2%2Fmedia&parent=15607"}],"wp:term":[{"taxonomy":"category","embeddable":true,"href":"https:\/\/diarioubatuba.com.br\/index.php?rest_route=%2Fwp%2Fv2%2Fcategories&post=15607"},{"taxonomy":"post_tag","embeddable":true,"href":"https:\/\/diarioubatuba.com.br\/index.php?rest_route=%2Fwp%2Fv2%2Ftags&post=15607"}],"curies":[{"name":"wp","href":"https:\/\/api.w.org\/{rel}","templated":true}]}}