{"id":15604,"date":"2026-04-15T13:05:24","date_gmt":"2026-04-15T13:05:24","guid":{"rendered":"https:\/\/diarioubatuba.com.br\/?p=15604"},"modified":"2026-04-15T13:16:02","modified_gmt":"2026-04-15T13:16:02","slug":"governo-de-sp-instala-radares-meteorologicos-no-guaruja-e-itanhaem-veja-lista-de-cidades","status":"publish","type":"post","link":"https:\/\/diarioubatuba.com.br\/?p=15604","title":{"rendered":"Governo de SP instala radares meteorol\u00f3gicos no Guaruj\u00e1 e Itanha\u00e9m; veja lista de cidades"},"content":{"rendered":"<p>O Governo de S\u00e3o Paulo anunciou a instala\u00e7\u00e3o de oito novos radares meteorol\u00f3gicos e um pacote de investimentos em obras e equipamentos para a Defesa Civil, durante cerim\u00f4nia que marcou os 50 anos do \u00f3rg\u00e3o na pr\u00f3xima ter\u00e7a (14).<\/p>\n<p>Os novos radares ser\u00e3o implantados em Itapetininga, Pirassununga, Ilha Comprida, S\u00e3o Paulo, Guaruj\u00e1, Itanha\u00e9m, Ilhabela e Ubatuba. Com isso, o estado passar\u00e1 a contar com 15 equipamentos, formando a maior rede de monitoramento meteorol\u00f3gico do pa\u00eds.<\/p>\n<p>A estrutura ser\u00e1 integrada ao Centro Paulista de Radares e Alertas Meteorol\u00f3gicos (Cepram), com opera\u00e7\u00e3o compartilhada entre \u00f3rg\u00e3os como SP \u00c1guas, USP, Unesp e Unicamp. A amplia\u00e7\u00e3o deve refor\u00e7ar a capacidade de previs\u00e3o e emiss\u00e3o de alertas diante de eventos clim\u00e1ticos extremos.<\/p>\n<p>A Defesa Civil completou 50 anos de atua\u00e7\u00e3o no Estado de S\u00e3o Paulo\/Difus\u00e3o\/Governo SP<\/p>\n<p>Equipamentos melhores<\/p>\n<p>l\u00e9m dos radares, o governo autorizou a contrata\u00e7\u00e3o de 40 obras de preven\u00e7\u00e3o, voltadas principalmente \u00e0 conten\u00e7\u00e3o de encostas e redu\u00e7\u00e3o de riscos em regi\u00f5es vulner\u00e1veis. Tamb\u00e9m foi formalizada parceria com o Fundo Social do Estado para a aquisi\u00e7\u00e3o de 38 caminh\u00f5es-pipa, al\u00e9m da assinatura de conv\u00eanios com prefeituras para compra de viaturas e equipamentos especializados.<\/p>\n<p>Impacto regional<\/p>\n<p>Na Baixada Santista, munic\u00edpios como Peru\u00edbe e Santos ser\u00e3o contemplados com caminhonetes 4&#215;2. J\u00e1 no Vale do Ribeira, cidades como Pariquera-A\u00e7u e Sete Barras receber\u00e3o obras de conten\u00e7\u00e3o, enquanto Cajati, Iguape e Juqui\u00e1 ser\u00e3o atendidas com caminh\u00f5es-pipa.<\/p>\n<p>De acordo com o governo paulista, o conjunto de medidas busca ampliar a capacidade de resposta da Defesa Civil e fortificar a\u00e7\u00f5es preventivas diante de desastres naturais em todo o estado.<\/p>\n<p><i>Com informa\u00e7\u00f5es do Diario do Litoral<\/i><\/p>\n","protected":false},"excerpt":{"rendered":"<p>O Governo de S\u00e3o Paulo anunciou a instala\u00e7\u00e3o de oito novos radares meteorol\u00f3gicos e um pacote de investimentos em obras e equipamentos para a Defesa Civil, durante cerim\u00f4nia que marcou os 50 anos do \u00f3rg\u00e3o na pr\u00f3xima ter\u00e7a (14). Os novos radares ser\u00e3o implantados em Itapetininga, Pirassununga, Ilha Comprida, S\u00e3o Paulo, Guaruj\u00e1, Itanha\u00e9m, Ilhabela e<\/p>\n","protected":false},"author":1,"featured_media":15605,"comment_status":"closed","ping_status":"closed","sticky":false,"template":"","format":"standard","meta":{"footnotes":""},"categories":[33],"tags":[279,163],"class_list":{"0":"post-15604","1":"post","2":"type-post","3":"status-publish","4":"format-standard","5":"has-post-thumbnail","7":"category-ubatuba","8":"tag-cotidiano","9":"tag-ubatuba"},"_links":{"self":[{"href":"https:\/\/diarioubatuba.com.br\/index.php?rest_route=\/wp\/v2\/posts\/15604","targetHints":{"allow":["GET"]}}],"collection":[{"href":"https:\/\/diarioubatuba.com.br\/index.php?rest_route=\/wp\/v2\/posts"}],"about":[{"href":"https:\/\/diarioubatuba.com.br\/index.php?rest_route=\/wp\/v2\/types\/post"}],"author":[{"embeddable":true,"href":"https:\/\/diarioubatuba.com.br\/index.php?rest_route=\/wp\/v2\/users\/1"}],"replies":[{"embeddable":true,"href":"https:\/\/diarioubatuba.com.br\/index.php?rest_route=%2Fwp%2Fv2%2Fcomments&post=15604"}],"version-history":[{"count":1,"href":"https:\/\/diarioubatuba.com.br\/index.php?rest_route=\/wp\/v2\/posts\/15604\/revisions"}],"predecessor-version":[{"id":15606,"href":"https:\/\/diarioubatuba.com.br\/index.php?rest_route=\/wp\/v2\/posts\/15604\/revisions\/15606"}],"wp:featuredmedia":[{"embeddable":true,"href":"https:\/\/diarioubatuba.com.br\/index.php?rest_route=\/wp\/v2\/media\/15605"}],"wp:attachment":[{"href":"https:\/\/diarioubatuba.com.br\/index.php?rest_route=%2Fwp%2Fv2%2Fmedia&parent=15604"}],"wp:term":[{"taxonomy":"category","embeddable":true,"href":"https:\/\/diarioubatuba.com.br\/index.php?rest_route=%2Fwp%2Fv2%2Fcategories&post=15604"},{"taxonomy":"post_tag","embeddable":true,"href":"https:\/\/diarioubatuba.com.br\/index.php?rest_route=%2Fwp%2Fv2%2Ftags&post=15604"}],"curies":[{"name":"wp","href":"https:\/\/api.w.org\/{rel}","templated":true}]}}