{"id":15598,"date":"2026-04-15T06:50:16","date_gmt":"2026-04-15T06:50:16","guid":{"rendered":"https:\/\/diarioubatuba.com.br\/?p=15598"},"modified":"2026-04-15T06:54:17","modified_gmt":"2026-04-15T06:54:17","slug":"dois-tercos-dos-venezuelanos-que-vivem-no-brasil-nao-querem-voltar-ao-pais","status":"publish","type":"post","link":"https:\/\/diarioubatuba.com.br\/?p=15598","title":{"rendered":"Dois ter\u00e7os dos venezuelanos que vivem no Brasil n\u00e3o querem voltar ao pa\u00eds"},"content":{"rendered":"<\/p>\n<p>Atrav\u00e9s do menos 70% dos refugiados venezuelanos que vivem no Brasil n\u00e3o pretendem voltar \u00e0 Venezuela, ao menos por enquanto. Enquanto 30% pretendem voltar em condi\u00e7\u00f5es melhores, incluindo 5% que pretendem voltar ao pa\u00eds de origem nos pr\u00f3ximos 12 meses. As informa\u00e7\u00f5es s\u00e3o de uma nova pesquisa\u00a0 da Ag\u00eancia da ONU para Refugiados (ACNUR) divulgada nesta ter\u00e7a-feira (14\/4).<\/p>\n<p> Conforme o levantamento,\u00a0 apenas um ter\u00e7o dos venezuelanos que vivem fora de seu pa\u00eds pretendem voltar \u00e0 Venezuela. Para esses, a principal motiva\u00e7\u00e3o para o retorno \u00e9 a reunifica\u00e7\u00e3o familiar.<\/p>\n<p> Os entrevistados relatam que pesa para continuar no pa\u00eds onde est\u00e3o refugiados a melhoria na seguran\u00e7a, no emprego e nos servi\u00e7os essenciais. Al\u00e9m disto, quase 60% citam a falta de informa\u00e7\u00f5es confi\u00e1veis \u200b\u200bsobre o que esperar ao voltar como uma barreira, junto com a incerteza sobre como o retorno poderia afetar seu status legal nos pa\u00edses de acolhimento.<\/p>\n<p>  Para a pesquisa, foram entrevistados 1.288 venezuelanos no Brasil, Chile, Col\u00f4mbia, Equador, Guatemala e Peru entre janeiro e mar\u00e7o de 2026.<\/p>\n<p> De acordo com o Acnur, dados de novembro de 2025 mostram que 6,9 milh\u00f5es de pessoas refugiadas e migrantes venezuelanas estavam acolhidas em algum pa\u00eds da Am\u00e9rica Latina e do Caribe. No Brasil, vivem 271,5 mil venezuelanos, segundo dados do Censo 2022. A nacionalidade representa o maior grupo de estrangeiros vivendo no Brasil.<\/p>\n<p> Os venezuelanos tamb\u00e9m representam o maior n\u00famero de refugiados no pa\u00eds. Mais de 568 mil entraram no Brasil entre 2015 e junho de 2024, fugindo da crise econ\u00f4mica e social que vive o pa\u00eds vizinho.<\/p>\n<p> \u00a0<\/p>\n<p> \u00a0<\/p>\n<p> \u00a0<\/p>\n<p><i>Com informa\u00e7\u00f5es Metropoles<\/i><\/p>\n","protected":false},"excerpt":{"rendered":"<p>Atrav\u00e9s do menos 70% dos refugiados venezuelanos que vivem no Brasil n\u00e3o pretendem voltar \u00e0 Venezuela, ao menos por enquanto. Enquanto 30% pretendem voltar em condi\u00e7\u00f5es melhores, incluindo 5% que pretendem voltar ao pa\u00eds de origem nos pr\u00f3ximos 12 meses. As informa\u00e7\u00f5es s\u00e3o de uma nova pesquisa\u00a0 da Ag\u00eancia da ONU para Refugiados (ACNUR) divulgada<\/p>\n","protected":false},"author":1,"featured_media":15599,"comment_status":"closed","ping_status":"closed","sticky":false,"template":"","format":"standard","meta":{"footnotes":""},"categories":[34],"tags":[135,1547],"class_list":{"0":"post-15598","1":"post","2":"type-post","3":"status-publish","4":"format-standard","5":"has-post-thumbnail","7":"category-brasil","8":"tag-brasil","9":"tag-zzmoscay"},"_links":{"self":[{"href":"https:\/\/diarioubatuba.com.br\/index.php?rest_route=\/wp\/v2\/posts\/15598","targetHints":{"allow":["GET"]}}],"collection":[{"href":"https:\/\/diarioubatuba.com.br\/index.php?rest_route=\/wp\/v2\/posts"}],"about":[{"href":"https:\/\/diarioubatuba.com.br\/index.php?rest_route=\/wp\/v2\/types\/post"}],"author":[{"embeddable":true,"href":"https:\/\/diarioubatuba.com.br\/index.php?rest_route=\/wp\/v2\/users\/1"}],"replies":[{"embeddable":true,"href":"https:\/\/diarioubatuba.com.br\/index.php?rest_route=%2Fwp%2Fv2%2Fcomments&post=15598"}],"version-history":[{"count":1,"href":"https:\/\/diarioubatuba.com.br\/index.php?rest_route=\/wp\/v2\/posts\/15598\/revisions"}],"predecessor-version":[{"id":15603,"href":"https:\/\/diarioubatuba.com.br\/index.php?rest_route=\/wp\/v2\/posts\/15598\/revisions\/15603"}],"wp:featuredmedia":[{"embeddable":true,"href":"https:\/\/diarioubatuba.com.br\/index.php?rest_route=\/wp\/v2\/media\/15599"}],"wp:attachment":[{"href":"https:\/\/diarioubatuba.com.br\/index.php?rest_route=%2Fwp%2Fv2%2Fmedia&parent=15598"}],"wp:term":[{"taxonomy":"category","embeddable":true,"href":"https:\/\/diarioubatuba.com.br\/index.php?rest_route=%2Fwp%2Fv2%2Fcategories&post=15598"},{"taxonomy":"post_tag","embeddable":true,"href":"https:\/\/diarioubatuba.com.br\/index.php?rest_route=%2Fwp%2Fv2%2Ftags&post=15598"}],"curies":[{"name":"wp","href":"https:\/\/api.w.org\/{rel}","templated":true}]}}