{"id":15595,"date":"2026-04-15T04:00:24","date_gmt":"2026-04-15T04:00:24","guid":{"rendered":"https:\/\/diarioubatuba.com.br\/?p=15595"},"modified":"2026-04-15T04:08:16","modified_gmt":"2026-04-15T04:08:16","slug":"estado-confirma-ubatuba-sera-contemplada-com-radar-meteorologico","status":"publish","type":"post","link":"https:\/\/diarioubatuba.com.br\/?p=15595","title":{"rendered":"Estado confirma: Ubatuba ser\u00e1 contemplada com radar meteorol\u00f3gico"},"content":{"rendered":"<div> \t\t\t\t\t\t \t\t\t\t\t\t\t\t \t\t\t\t<meta itemprop=\"datePublished\" content=\"2026-04-14\"> \t\t\t\t<meta itemprop=\"dateModified\" content=\"2026-04-14\"> \t\t\t\t \t\t\t \t\t\t\t<\/p>\n<p>Estado confirma: Ubatuba ser\u00e1 contemplada com radar meteorol\u00f3gico<\/p>\n<p><span>Postado em <span>14\/04\/2026<\/span><\/span> \t\t\t\t\t\t\t\t\t\t\t\t\t\t<\/p>\n<figure itemscope>\n<\/figure>\n<div itemprop=\"articleBody\">\n<p><span>O Governo do Estado de S\u00e3o Paulo anunciou a confirma\u00e7\u00e3o da instala\u00e7\u00e3o de um radar meteorol\u00f3gico em Ubatuba na manh\u00e3 desta ter\u00e7a-feira, 14, durante as comemora\u00e7\u00f5es dos 50 anos da Defesa Civil do Estado de S\u00e3o Paulo, celebrados no \u00faltimo dia 09. A iniciativa integra um pacote de investimentos voltado \u00e0 amplia\u00e7\u00e3o da capacidade de previs\u00e3o e emiss\u00e3o de alertas clim\u00e1ticos em todo o territ\u00f3rio paulista.<\/span><\/p>\n<p><span>Os equipamentos modernos ser\u00e3o instalados nos munic\u00edpios de Ubatuba, Itapetininga, Pirassununga, Ilha Comprida, S\u00e3o Paulo, Guaruj\u00e1, Itanha\u00e9m e Ilhabela, passando a compor a rede integrada ao Centro Paulista de Radares e Alertas Meteorol\u00f3gicos, com opera\u00e7\u00e3o compartilhada entre \u00f3rg\u00e3os estaduais e universidades. Com a amplia\u00e7\u00e3o, o Estado passar\u00e1 a contar com 13 radares meteorol\u00f3gicos distribu\u00eddos em diferentes regi\u00f5es, amplificando o monitoramento e a resposta a eventos clim\u00e1ticos.<\/span><\/p>\n<p><span>\u201cA licita\u00e7\u00e3o para o radar que atender\u00e1 Ubatuba deve ser publicada em breve. O equipamento permitir\u00e1 maior precis\u00e3o na identifica\u00e7\u00e3o de mudan\u00e7as clim\u00e1ticas e na emiss\u00e3o de alertas antecipados, contribuindo para a atua\u00e7\u00e3o preventiva no munic\u00edpio\u201d, explicou o coordenador da Defesa Civil de Ubatuba, Alexandre Napoli.<\/span><\/p>\n<p><span>A instala\u00e7\u00e3o do radar se soma \u00e0 implanta\u00e7\u00e3o do Centro de Gerenciamento de Emerg\u00eancias (CGE) em Ubatuba, com inaugura\u00e7\u00e3o prevista para o pr\u00f3ximo m\u00eas. A estrutura ter\u00e1 como objetivo centralizar informa\u00e7\u00f5es, monitorar regi\u00f5es de risco ao vivo e agilizar a resposta a ocorr\u00eancias.<\/span><\/p>\n<p><span>A celebra\u00e7\u00e3o dos 50 anos da Defesa Civil do Estado de S\u00e3o Paulo tamb\u00e9m incluiu a inaugura\u00e7\u00e3o do primeiro fotolivro da institui\u00e7\u00e3o, reunindo registros de a\u00e7\u00f5es realizadas desde 1976. No decorrer desse momento, a atua\u00e7\u00e3o do \u00f3rg\u00e3o envolveu atividades de monitoramento, prepara\u00e7\u00e3o, resposta e recupera\u00e7\u00e3o diante de desastres, com apoio aos munic\u00edpios e dire\u00e7\u00e3o \u00e0 popula\u00e7\u00e3o em situa\u00e7\u00f5es de risco<\/span><\/p>\n<\/p><\/div>\n<\/p><\/div>\n","protected":false},"excerpt":{"rendered":"<p>Estado confirma: Ubatuba ser\u00e1 contemplada com radar meteorol\u00f3gico Postado em 14\/04\/2026 O Governo do Estado de S\u00e3o Paulo anunciou a confirma\u00e7\u00e3o da instala\u00e7\u00e3o de um radar meteorol\u00f3gico em Ubatuba na manh\u00e3 desta ter\u00e7a-feira, 14, durante as comemora\u00e7\u00f5es dos 50 anos da Defesa Civil do Estado de S\u00e3o Paulo, celebrados no \u00faltimo dia 09. A iniciativa<\/p>\n","protected":false},"author":1,"featured_media":15596,"comment_status":"closed","ping_status":"closed","sticky":false,"template":"","format":"standard","meta":{"footnotes":""},"categories":[33],"tags":[163],"class_list":{"0":"post-15595","1":"post","2":"type-post","3":"status-publish","4":"format-standard","5":"has-post-thumbnail","7":"category-ubatuba","8":"tag-ubatuba"},"_links":{"self":[{"href":"https:\/\/diarioubatuba.com.br\/index.php?rest_route=\/wp\/v2\/posts\/15595","targetHints":{"allow":["GET"]}}],"collection":[{"href":"https:\/\/diarioubatuba.com.br\/index.php?rest_route=\/wp\/v2\/posts"}],"about":[{"href":"https:\/\/diarioubatuba.com.br\/index.php?rest_route=\/wp\/v2\/types\/post"}],"author":[{"embeddable":true,"href":"https:\/\/diarioubatuba.com.br\/index.php?rest_route=\/wp\/v2\/users\/1"}],"replies":[{"embeddable":true,"href":"https:\/\/diarioubatuba.com.br\/index.php?rest_route=%2Fwp%2Fv2%2Fcomments&post=15595"}],"version-history":[{"count":1,"href":"https:\/\/diarioubatuba.com.br\/index.php?rest_route=\/wp\/v2\/posts\/15595\/revisions"}],"predecessor-version":[{"id":15597,"href":"https:\/\/diarioubatuba.com.br\/index.php?rest_route=\/wp\/v2\/posts\/15595\/revisions\/15597"}],"wp:featuredmedia":[{"embeddable":true,"href":"https:\/\/diarioubatuba.com.br\/index.php?rest_route=\/wp\/v2\/media\/15596"}],"wp:attachment":[{"href":"https:\/\/diarioubatuba.com.br\/index.php?rest_route=%2Fwp%2Fv2%2Fmedia&parent=15595"}],"wp:term":[{"taxonomy":"category","embeddable":true,"href":"https:\/\/diarioubatuba.com.br\/index.php?rest_route=%2Fwp%2Fv2%2Fcategories&post=15595"},{"taxonomy":"post_tag","embeddable":true,"href":"https:\/\/diarioubatuba.com.br\/index.php?rest_route=%2Fwp%2Fv2%2Ftags&post=15595"}],"curies":[{"name":"wp","href":"https:\/\/api.w.org\/{rel}","templated":true}]}}