{"id":15592,"date":"2026-04-15T00:57:13","date_gmt":"2026-04-15T00:57:13","guid":{"rendered":"https:\/\/diarioubatuba.com.br\/?p=15592"},"modified":"2026-04-15T01:04:39","modified_gmt":"2026-04-15T01:04:39","slug":"ubatubense-aline-adisaka-e-convocada-para-a-selecao-brasileira","status":"publish","type":"post","link":"https:\/\/diarioubatuba.com.br\/?p=15592","title":{"rendered":"Ubatubense Aline Adisaka \u00e9 convocada para a Sele\u00e7\u00e3o Brasileira"},"content":{"rendered":"<div>\n<p>A surfista Aline Adisaka foi convocada para integrar a Sele\u00e7\u00e3o Brasileira que concorrer\u00e1 os Jogos Pan-Americanos de Surf 2026, refor\u00e7ando o protagonismo de Ubatuba no cen\u00e1rio nacional da modalidade. A competi\u00e7\u00e3o ser\u00e1 realizada entre os dias 24 de abril e 3 de maio, nas ondas de Playa Venao, no Panam\u00e1, reunindo esportistas de toda a Am\u00e9rica.<\/p>\n<p>Destaque na modalidade Stand Up Paddle (SUP Surf), Aline chega \u00e0 competi\u00e7\u00e3o com um hist\u00f3rico consistente. Vice-campe\u00e3 em 2024 e presen\u00e7a incessante em finais desde 2022, a esportista preserva regularidade e desempenho que a colocam entre os principais nomes do time brasileira. A convoca\u00e7\u00e3o fundamenta n\u00e3o exclusivamente o momento t\u00e9cnico, mas tamb\u00e9m a for\u00e7a do litoral norte paulista na forma\u00e7\u00e3o de talentos do surf.<\/p>\n<p>A equipe brasileira, coordenada atrav\u00e9s da Confedera\u00e7\u00e3o Brasileira de Surf, contar\u00e1 com 22 esportistas distribu\u00eddos entre diferentes categorias, incluindo surf, longboard, SUP Surf, SUP Race e bodyboard. O grupo chega forte para buscar o tetracampeonato consecutivo da competi\u00e7\u00e3o coordenada atrav\u00e9s da Pan American Surf Association, depois de conquistas em 2022, 2023 e 2024.<\/p>\n<p>A prepara\u00e7\u00e3o da sele\u00e7\u00e3o ficar\u00e1 sob responsabilidade de uma comiss\u00e3o t\u00e9cnica experiente, liderada por Paulo Moura, ao lado de nomes como Guga Arruda e Andrea Lopes. O que se espera \u00e9 de que a equipe mantenha o alto n\u00edvel competitivo e amplie o n\u00famero de medalhas conquistadas nos \u00faltimos anos.<\/p>\n<p>Al\u00e9m da disputa por t\u00edtulos, o acontecimento tamb\u00e9m tem peso classificat\u00f3rio para os Jogos Pan-Americanos de 2027, em Lima, e pode representar um importante passo rumo \u00e0s Olimp\u00edadas de Los Angeles 2028. Neste cen\u00e1rio, Aline Adisaka desponta como uma das esportistas brasileiras com potencial para brigar por p\u00f3dio e consolidar ainda mais a trajet\u00f3ria internacional, levando o nome de Ubatuba ao topo do surf continental.<\/p>\n<\/p><\/div>\n<p><i>Com informa\u00e7\u00f5es de R\u00e1dio Costa Azul FM<\/i><\/p>\n","protected":false},"excerpt":{"rendered":"<p>A surfista Aline Adisaka foi convocada para integrar a Sele\u00e7\u00e3o Brasileira que concorrer\u00e1 os Jogos Pan-Americanos de Surf 2026, refor\u00e7ando o protagonismo de Ubatuba no cen\u00e1rio nacional da modalidade. A competi\u00e7\u00e3o ser\u00e1 realizada entre os dias 24 de abril e 3 de maio, nas ondas de Playa Venao, no Panam\u00e1, reunindo esportistas de toda a<\/p>\n","protected":false},"author":1,"featured_media":15593,"comment_status":"closed","ping_status":"closed","sticky":false,"template":"","format":"standard","meta":{"footnotes":""},"categories":[33],"tags":[163],"class_list":{"0":"post-15592","1":"post","2":"type-post","3":"status-publish","4":"format-standard","5":"has-post-thumbnail","7":"category-ubatuba","8":"tag-ubatuba"},"_links":{"self":[{"href":"https:\/\/diarioubatuba.com.br\/index.php?rest_route=\/wp\/v2\/posts\/15592","targetHints":{"allow":["GET"]}}],"collection":[{"href":"https:\/\/diarioubatuba.com.br\/index.php?rest_route=\/wp\/v2\/posts"}],"about":[{"href":"https:\/\/diarioubatuba.com.br\/index.php?rest_route=\/wp\/v2\/types\/post"}],"author":[{"embeddable":true,"href":"https:\/\/diarioubatuba.com.br\/index.php?rest_route=\/wp\/v2\/users\/1"}],"replies":[{"embeddable":true,"href":"https:\/\/diarioubatuba.com.br\/index.php?rest_route=%2Fwp%2Fv2%2Fcomments&post=15592"}],"version-history":[{"count":1,"href":"https:\/\/diarioubatuba.com.br\/index.php?rest_route=\/wp\/v2\/posts\/15592\/revisions"}],"predecessor-version":[{"id":15594,"href":"https:\/\/diarioubatuba.com.br\/index.php?rest_route=\/wp\/v2\/posts\/15592\/revisions\/15594"}],"wp:featuredmedia":[{"embeddable":true,"href":"https:\/\/diarioubatuba.com.br\/index.php?rest_route=\/wp\/v2\/media\/15593"}],"wp:attachment":[{"href":"https:\/\/diarioubatuba.com.br\/index.php?rest_route=%2Fwp%2Fv2%2Fmedia&parent=15592"}],"wp:term":[{"taxonomy":"category","embeddable":true,"href":"https:\/\/diarioubatuba.com.br\/index.php?rest_route=%2Fwp%2Fv2%2Fcategories&post=15592"},{"taxonomy":"post_tag","embeddable":true,"href":"https:\/\/diarioubatuba.com.br\/index.php?rest_route=%2Fwp%2Fv2%2Ftags&post=15592"}],"curies":[{"name":"wp","href":"https:\/\/api.w.org\/{rel}","templated":true}]}}