{"id":15583,"date":"2026-04-14T15:01:31","date_gmt":"2026-04-14T15:01:31","guid":{"rendered":"https:\/\/diarioubatuba.com.br\/?p=15583"},"modified":"2026-04-14T15:15:28","modified_gmt":"2026-04-14T15:15:28","slug":"litoral-norte-oferece-oficina-gratuita-de-realidade-aumentada-com-foco-em-cultura-e-educacao","status":"publish","type":"post","link":"https:\/\/diarioubatuba.com.br\/?p=15583","title":{"rendered":"Litoral Norte concede oficina gratuita de Realidade Aumentada com foco em cultura e educa\u00e7\u00e3o"},"content":{"rendered":"<p>Oportunidade para quem busca se atualizar no universo da tecnologia e inova\u00e7\u00e3o, o workshop virtual Desvendando a Realidade Aumentada come\u00e7a inscri\u00e7\u00f5es para o p\u00fablico do Litoral Norte. A iniciativa \u00e9 gratuita e pretende desmitificar o uso da tecnologia RA, mostrando como ela pode ser aplicada de forma pr\u00e1tica no ensino, na produ\u00e7\u00e3o cultural e na cria\u00e7\u00e3o de videogames.<\/p>\n<p>De acordo com a planejamento, n\u00e3o \u00e9 necess\u00e1rio conhecimento pr\u00e9vio avan\u00e7ado, sendo a atividade aberta para qualquer pessoa interessada com idade m\u00ednima de 14 anos.<\/p>\n<p>O treinamento ser\u00e1 feito no dia 18 de abril, com in\u00edcio das 14h, em ambiente online. A condu\u00e7\u00e3o do encontro fica por motivo de Gustavo Guimar\u00e3es Gon\u00e7alves, especialista respons\u00e1vel atrav\u00e9s do desenvolvimento do App que serve de base para o projeto.<\/p>\n<p>Os interessados em fazer parte da capacita\u00e7\u00e3o precisam fazer o cadastro at\u00e9 o dia 16 de abril atrav\u00e9s de formul\u00e1rio eletr\u00f4nico, clicando aqui. Os links de acesso para a transmiss\u00e3o ser\u00e3o enviados aos cadastrados via e-mail e mensagem instant\u00e2nea. Informa\u00e7\u00f5es adicionais sobre a programa\u00e7\u00e3o e o acervo hist\u00f3rico pesquisado poder\u00e3o ser consultadas no site oficial da iniciativa (aqui) ou atrav\u00e9s do perfil do projeto no Instagram.<\/p>\n<p>\u00a0<\/p>\n<p><span><strong>Siga o canal \u201cNova Imprensa\u201d no WhatsApp e fique por dentro das not\u00edcias do Litoral Norte: https:\/\/whatsapp.com\/channel\/0029Vb3aWJl29759dfBaD40Y<\/strong><\/span><\/p>\n<h3>Realidade Aumentada<\/h3>\n<figure aria-describedby=\"caption-attachment-70157\" class=\"wp-caption alignnone\"><figcaption class=\"wp-caption-text\">Far\u00f3is no Mar -Iniciativa educativa levou tecnologia imersiva para escolas p\u00fablicas e concede workshop virtual gr\u00e1tis para interessados em inova\u00e7\u00e3o cultural no dia 18\/04 (Foto: Propaganda)<\/figcaption><\/figure>\n<p>A oficina \u00e9 um desdobramento do projeto Os Far\u00f3is e o Mar em Realidade Aumentada, que recentemente percorreu unidades de ensino p\u00fablico em S\u00e3o Sebasti\u00e3o, Ilhabela e Bertioga. A proposta central da iniciativa \u00e9 usar ferramentas digitais modernas, como modelos em 3D, v\u00eddeos em 360 graus e mapas interativos, para resgatar e valorizar o patrim\u00f4nio hist\u00f3rico e as tradi\u00e7\u00f5es das popula\u00e7\u00f5es cai\u00e7aras da \u00e1rea.<\/p>\n<p>Para Henrique Cardim, pesquisador do projeto, a integra\u00e7\u00e3o entre tecnologia e hist\u00f3ria tem se mostrado uma ferramenta pedag\u00f3gica poderosa, despertando o interesse de jovens e crian\u00e7as atrav\u00e9s da preserva\u00e7\u00e3o cultural. O projeto tamb\u00e9m se destaca atrav\u00e9s da inclus\u00e3o, concedendo recursos de audiodescri\u00e7\u00e3o e tradu\u00e7\u00e3o em Libras em seus conte\u00fados.<\/p>\n<p>A a\u00e7\u00e3o conta com o suporte do Programa de A\u00e7\u00e3o Cultural (ProAC) e da Pol\u00edtica Nacional Aldir Blanc, refor\u00e7ando o fomento \u00e0 cultura e ao aprendizado tecnol\u00f3gico no Estado de S\u00e3o Paulo.<\/p>\n<p>\u00a0<\/p>\n<p> Litoral Norte concede oficina gratuita de Realidade Aumentada com foco em cultura e educa\u00e7\u00e3o <\/p>\n<p><i>Com informa\u00e7\u00f5es de NovaImprensa<\/i><\/p>\n","protected":false},"excerpt":{"rendered":"<p>Oportunidade para quem busca se atualizar no universo da tecnologia e inova\u00e7\u00e3o, o workshop virtual Desvendando a Realidade Aumentada come\u00e7a inscri\u00e7\u00f5es para o p\u00fablico do Litoral Norte. A iniciativa \u00e9 gratuita e pretende desmitificar o uso da tecnologia RA, mostrando como ela pode ser aplicada de forma pr\u00e1tica no ensino, na produ\u00e7\u00e3o cultural e na<\/p>\n","protected":false},"author":1,"featured_media":15584,"comment_status":"closed","ping_status":"closed","sticky":false,"template":"","format":"standard","meta":{"footnotes":""},"categories":[33],"tags":[1288,216,167,1378,2322,2323,2324,65,575,2325,2326,170,2327,2328,1057,176,2329,2330,2331,2332,212,1195,2333,163,2334],"class_list":{"0":"post-15583","1":"post","2":"type-post","3":"status-publish","4":"format-standard","5":"has-post-thumbnail","7":"category-ubatuba","8":"tag-bertioga","9":"tag-caraguatatuba","10":"tag-cidades","11":"tag-cultura-caicara","12":"tag-curso-de-tecnologia","13":"tag-curso-gratuito-sp","14":"tag-desenvolvimento-de-apps","15":"tag-destaques","16":"tag-educacao","17":"tag-educacao-tecnologica","18":"tag-ferramentas-interativas","19":"tag-ilhabela","20":"tag-inclusao-digital","21":"tag-inovacao","22":"tag-litoral-norte-sp","23":"tag-nova-imprensa","24":"tag-oficina-online","25":"tag-patrimonio-cultural","26":"tag-projeto-cultural","27":"tag-realidade-aumentada","28":"tag-sao-sebastiao","29":"tag-tecnologia","30":"tag-turismo-litoral-norte","31":"tag-ubatuba","32":"tag-workshop-gratuito"},"_links":{"self":[{"href":"https:\/\/diarioubatuba.com.br\/index.php?rest_route=\/wp\/v2\/posts\/15583","targetHints":{"allow":["GET"]}}],"collection":[{"href":"https:\/\/diarioubatuba.com.br\/index.php?rest_route=\/wp\/v2\/posts"}],"about":[{"href":"https:\/\/diarioubatuba.com.br\/index.php?rest_route=\/wp\/v2\/types\/post"}],"author":[{"embeddable":true,"href":"https:\/\/diarioubatuba.com.br\/index.php?rest_route=\/wp\/v2\/users\/1"}],"replies":[{"embeddable":true,"href":"https:\/\/diarioubatuba.com.br\/index.php?rest_route=%2Fwp%2Fv2%2Fcomments&post=15583"}],"version-history":[{"count":1,"href":"https:\/\/diarioubatuba.com.br\/index.php?rest_route=\/wp\/v2\/posts\/15583\/revisions"}],"predecessor-version":[{"id":15585,"href":"https:\/\/diarioubatuba.com.br\/index.php?rest_route=\/wp\/v2\/posts\/15583\/revisions\/15585"}],"wp:featuredmedia":[{"embeddable":true,"href":"https:\/\/diarioubatuba.com.br\/index.php?rest_route=\/wp\/v2\/media\/15584"}],"wp:attachment":[{"href":"https:\/\/diarioubatuba.com.br\/index.php?rest_route=%2Fwp%2Fv2%2Fmedia&parent=15583"}],"wp:term":[{"taxonomy":"category","embeddable":true,"href":"https:\/\/diarioubatuba.com.br\/index.php?rest_route=%2Fwp%2Fv2%2Fcategories&post=15583"},{"taxonomy":"post_tag","embeddable":true,"href":"https:\/\/diarioubatuba.com.br\/index.php?rest_route=%2Fwp%2Fv2%2Ftags&post=15583"}],"curies":[{"name":"wp","href":"https:\/\/api.w.org\/{rel}","templated":true}]}}