{"id":15580,"date":"2026-04-14T07:57:06","date_gmt":"2026-04-14T07:57:06","guid":{"rendered":"https:\/\/diarioubatuba.com.br\/?p=15580"},"modified":"2026-04-14T08:07:29","modified_gmt":"2026-04-14T08:07:29","slug":"olimpiada-de-matematica-mirim-incentiva-ensino-da-disciplina","status":"publish","type":"post","link":"https:\/\/diarioubatuba.com.br\/?p=15580","title":{"rendered":"Olimp\u00edada de Matem\u00e1tica Mirim incentiva ensino da disciplina"},"content":{"rendered":"<div> \t\t\t\t\t\t \t\t\t\t\t\t\t\t \t\t\t\t<meta itemprop=\"datePublished\" content=\"2026-04-10\"> \t\t\t\t<meta itemprop=\"dateModified\" content=\"2026-04-10\"> \t\t\t\t \t\t\t \t\t\t\t<\/p>\n<p>Olimp\u00edada de Matem\u00e1tica Mirim incentiva ensino da disciplina<\/p>\n<p><span>Postado em <span>10\/04\/2026<\/span><\/span> \t\t\t\t\t\t\t\t\t\t\t\t\t\t<\/p>\n<figure itemscope>\n<\/figure>\n<div itemprop=\"articleBody\">\n<p>A Olimp\u00edada de Matem\u00e1tica de S\u00e3o Paulo, OMASP Mirim, \u00e9 uma iniciativa da Secretaria da Educa\u00e7\u00e3o do Estado de S\u00e3o Paulo (SEDUC-SP) criada para desenvolver, desde os anos iniciais do Ensino Fundamental, o interesse dos estudantes atrav\u00e9s da matem\u00e1tica, o desenvolvimento do racioc\u00ednio l\u00f3gico e a valoriza\u00e7\u00e3o da conhecimento escolar.<\/p>\n<p>Com car\u00e1ter pedag\u00f3gico, cultural e formativo, a olimp\u00edada \u00e9 voltada a alunos do 2\u00ba ao 5\u00ba ano do Ensino Fundamental das escolas da rede p\u00fablica e busca apresentar, de forma acess\u00edvel, a cultura das olimp\u00edadas do conhecimento para as crian\u00e7as em fase de alfabetiza\u00e7\u00e3o e consolida\u00e7\u00e3o de habilidades matem\u00e1ticas.<\/p>\n<p>A prova ser\u00e1 aplicada em fase \u00fanica, em formato impresso, elaborada atrav\u00e9s da pr\u00f3pria SEDUC-SP, com planejamento por ano\/s\u00e9rie. A avalia\u00e7\u00e3o tem car\u00e1ter classificat\u00f3rio e \u00e9 composta por 12 quest\u00f5es de m\u00faltipla escolha, priorizando habilidades como racioc\u00ednio l\u00f3gico, interpreta\u00e7\u00e3o de enunciados, resolu\u00e7\u00e3o de problemas e aplica\u00e7\u00e3o de conte\u00fados previstos na Base Nacional Comum Curricular (BNCC) e no Curr\u00edculo Paulista.<\/p>\n<p>Entre os objetivos da OMASP Mirim est\u00e3o o incentivo ao gosto atrav\u00e9s da matem\u00e1tica de forma l\u00fadica e desafiadora, o fortalecimento do letramento matem\u00e1tico, a valoriza\u00e7\u00e3o da conhecimento dos estudantes e o suporte ao trabalho pedag\u00f3gico dos professores. A proposta tamb\u00e9m busca reconhecer talentos desde a inf\u00e2ncia e promover uma cultura de participa\u00e7\u00e3o, esfor\u00e7o e reconhecimento no ambiente escolar.<\/p>\n<p>\u201cA matem\u00e1tica precisa ser apresentada aos alunos como uma oportunidade de descoberta, racioc\u00ednio e constru\u00e7\u00e3o de conhecimento. A OMASP Mirim refor\u00e7a esse processo ao valorizar o aprendizado de forma desafiadora e pedag\u00f3gica, estimulando a participa\u00e7\u00e3o dos estudantes e fortalecendo o trabalho desenvolvido nas escolas\u201d, salientou o secret\u00e1rio de Educa\u00e7\u00e3o, Claudinei dos Santos.<\/p>\n<p>O calend\u00e1rio oficial da OMASP Mirim 2026 estima a realiza\u00e7\u00e3o da prova no dia 26 de maio para estudantes do 4\u00ba e 5\u00ba anos e no dia 27 de maio para os alunos do 2\u00ba e 3\u00ba anos. A entrega de medalhas est\u00e1 prevista para o m\u00eas de junho, conforme defini\u00e7\u00e3o da Diretoria Regional de Ensino ou da cidade participante.<\/p>\n<\/p><\/div>\n<\/p><\/div>\n","protected":false},"excerpt":{"rendered":"<p>Olimp\u00edada de Matem\u00e1tica Mirim incentiva ensino da disciplina Postado em 10\/04\/2026 A Olimp\u00edada de Matem\u00e1tica de S\u00e3o Paulo, OMASP Mirim, \u00e9 uma iniciativa da Secretaria da Educa\u00e7\u00e3o do Estado de S\u00e3o Paulo (SEDUC-SP) criada para desenvolver, desde os anos iniciais do Ensino Fundamental, o interesse dos estudantes atrav\u00e9s da matem\u00e1tica, o desenvolvimento do racioc\u00ednio l\u00f3gico<\/p>\n","protected":false},"author":1,"featured_media":15581,"comment_status":"closed","ping_status":"closed","sticky":false,"template":"","format":"standard","meta":{"footnotes":""},"categories":[33],"tags":[163],"class_list":{"0":"post-15580","1":"post","2":"type-post","3":"status-publish","4":"format-standard","5":"has-post-thumbnail","7":"category-ubatuba","8":"tag-ubatuba"},"_links":{"self":[{"href":"https:\/\/diarioubatuba.com.br\/index.php?rest_route=\/wp\/v2\/posts\/15580","targetHints":{"allow":["GET"]}}],"collection":[{"href":"https:\/\/diarioubatuba.com.br\/index.php?rest_route=\/wp\/v2\/posts"}],"about":[{"href":"https:\/\/diarioubatuba.com.br\/index.php?rest_route=\/wp\/v2\/types\/post"}],"author":[{"embeddable":true,"href":"https:\/\/diarioubatuba.com.br\/index.php?rest_route=\/wp\/v2\/users\/1"}],"replies":[{"embeddable":true,"href":"https:\/\/diarioubatuba.com.br\/index.php?rest_route=%2Fwp%2Fv2%2Fcomments&post=15580"}],"version-history":[{"count":1,"href":"https:\/\/diarioubatuba.com.br\/index.php?rest_route=\/wp\/v2\/posts\/15580\/revisions"}],"predecessor-version":[{"id":15582,"href":"https:\/\/diarioubatuba.com.br\/index.php?rest_route=\/wp\/v2\/posts\/15580\/revisions\/15582"}],"wp:featuredmedia":[{"embeddable":true,"href":"https:\/\/diarioubatuba.com.br\/index.php?rest_route=\/wp\/v2\/media\/15581"}],"wp:attachment":[{"href":"https:\/\/diarioubatuba.com.br\/index.php?rest_route=%2Fwp%2Fv2%2Fmedia&parent=15580"}],"wp:term":[{"taxonomy":"category","embeddable":true,"href":"https:\/\/diarioubatuba.com.br\/index.php?rest_route=%2Fwp%2Fv2%2Fcategories&post=15580"},{"taxonomy":"post_tag","embeddable":true,"href":"https:\/\/diarioubatuba.com.br\/index.php?rest_route=%2Fwp%2Fv2%2Ftags&post=15580"}],"curies":[{"name":"wp","href":"https:\/\/api.w.org\/{rel}","templated":true}]}}