{"id":15577,"date":"2026-04-14T06:53:33","date_gmt":"2026-04-14T06:53:33","guid":{"rendered":"https:\/\/diarioubatuba.com.br\/?p=15577"},"modified":"2026-04-14T07:00:46","modified_gmt":"2026-04-14T07:00:46","slug":"camara-vota-indicacao-de-ministro-do-tcu-em-teste-de-forca-para-motta","status":"publish","type":"post","link":"https:\/\/diarioubatuba.com.br\/?p=15577","title":{"rendered":"C\u00e2mara vota indica\u00e7\u00e3o de ministro do TCU em teste de for\u00e7a para Motta"},"content":{"rendered":"<\/p>\n<p>Os deputados se re\u00fanem na pr\u00f3xima ter\u00e7a (14\/4), \u00e0s 16h, no plen\u00e1rio da C\u00e2mara, para eleger o novo ministro do Tribunal de Contas da Uni\u00e3o (TCU). A vota\u00e7\u00e3o \u00e9 vista como um teste de for\u00e7a para o presidente da Casa, Hugo Motta (Republicanos-PB), que trabalha para defender a elei\u00e7\u00e3o do deputado Odair Cunha (PT-MG), na foto em destaque.<\/p>\n<p> A candidatura faz parte de um acordo pol\u00edtico costurado ainda em 2024, durante a campanha de Motta \u00e0 presid\u00eancia da C\u00e2mara: com o suporte do PT, ele se comprometeu a tornar vi\u00e1vel o nome do petista para a vaga.<\/p>\n<p> Inicialmente prevista para a semana passada, a elei\u00e7\u00e3o foi adiada. A mudan\u00e7a de data se deu em meio \u00e0s negocia\u00e7\u00f5es para consolidar apoio ao candidato.<\/p>\n<p> Hoje, Odair Cunha re\u00fane o suporte de uma ampla base de partidos, incluindo Republicanos, PT, PP, MDB, PSB, PDT, PV, PCdoB, PSol, Solidariedade, Cidadania e PRD.<\/p>\n<p> O TCU \u00e9 estabelecido por 10 ministros. Desses, tr\u00eas s\u00e3o indicados atrav\u00e9s da C\u00e2mara, tr\u00eas atrav\u00e9s do Senado e tr\u00eas atrav\u00e9s do presidente da Rep\u00fablica, sendo que dois precisam ter v\u00ednculo com carreiras de Estado.<\/p>\n<p>  Como funcionar\u00e1 a vota\u00e7\u00e3o para o TCU  Cada candidato ter\u00e1 o tempo regimental de 10 minutos para se manifestar antes do come\u00e7o da vota\u00e7\u00e3o; A escolha ser\u00e1 feita com o aux\u00edlio de vota\u00e7\u00e3o presencial e secreta, nas urnas eletr\u00f4nicas instaladas no plen\u00e1rio e no Sal\u00e3o Verde; Ser\u00e1 considerado eleito o candidato que conseguir a maioria simples dos votos, ou seja, vence quem tiver mais votos entre os que vieram; O nome do escolhido ser\u00e1 formalizado em um Projeto de Decreto Legislativo (PDL), que ainda precisar\u00e1 ser confirmado em vota\u00e7\u00e3o atrav\u00e9s do Senado Federal, onde n\u00e3o existe sabatina.   Sabatina na Comiss\u00e3o de Finan\u00e7as e Tributa\u00e7\u00f5es Ao todo, sete deputados disputam a vaga aberta com a aposentadoria de Aroldo Cedraz, no m\u00eas de fevereiro. Al\u00e9m da candidatura de Odair Cunha (PT-MG), tamb\u00e9m concorrem Adriana Ventura (Novo-SP), Danilo Forte (PP-CE), Elmar Nascimento (Uni\u00e3o Brasil-BA), Gilson Daniel (Podemos-ES), Hugo Leal (PSD-RJ) e Soraya Santos (PL-RJ), apoiada atrav\u00e9s da oposi\u00e7\u00e3o.<\/p>\n<p> As candidaturas foram analisadas em sabatina na Comiss\u00e3o de Finan\u00e7as e Tributa\u00e7\u00e3o nesta segunda-feira (13\/4). O relator, deputado Emanuel Pinheiro Neto (PSD-MT), apresentou parecer favor\u00e1vel \u00e0 admissibilidade de todos os postulantes, aprovado por unanimidade, com 37 votos.<\/p>\n<p> Entre os crit\u00e9rios exigidos para o cargo est\u00e3o idoneidade moral e reputa\u00e7\u00e3o ilibada. O cargo de ministro \u00e9 vital\u00edcio, com aposentadoria obrigat\u00f3ria a come\u00e7ar dos 75 anos.<\/p>\n<p>  Apesar do avan\u00e7o das candidaturas, o cen\u00e1rio ainda pode sofrer mudan\u00e7as. O chefe do PL, S\u00f3stenes Cavalcante (RJ), age para consolidar apoio em torno de um \u00fanico concorrente que possa confrontar a candidatura de Odair.<\/p>\n<p> O grupo chegou a recuar da possibilidade de lan\u00e7ar a candidatura de H\u00e9lio Lopes (PL-RJ) para tentar emplacar uma mulher na disputa. Atualmente, o tribunal n\u00e3o tem mulheres em sua composi\u00e7\u00e3o e, no decurso de toda a hist\u00f3ria, exclusivamente duas ocuparam cargos na corte.<\/p>\n<p><i>Com informa\u00e7\u00f5es Metropoles<\/i><\/p>\n","protected":false},"excerpt":{"rendered":"<p>Os deputados se re\u00fanem na pr\u00f3xima ter\u00e7a (14\/4), \u00e0s 16h, no plen\u00e1rio da C\u00e2mara, para eleger o novo ministro do Tribunal de Contas da Uni\u00e3o (TCU). A vota\u00e7\u00e3o \u00e9 vista como um teste de for\u00e7a para o presidente da Casa, Hugo Motta (Republicanos-PB), que trabalha para defender a elei\u00e7\u00e3o do deputado Odair Cunha (PT-MG), na<\/p>\n","protected":false},"author":1,"featured_media":15578,"comment_status":"closed","ping_status":"closed","sticky":false,"template":"","format":"standard","meta":{"footnotes":""},"categories":[34],"tags":[135,1547],"class_list":{"0":"post-15577","1":"post","2":"type-post","3":"status-publish","4":"format-standard","5":"has-post-thumbnail","7":"category-brasil","8":"tag-brasil","9":"tag-zzmoscay"},"_links":{"self":[{"href":"https:\/\/diarioubatuba.com.br\/index.php?rest_route=\/wp\/v2\/posts\/15577","targetHints":{"allow":["GET"]}}],"collection":[{"href":"https:\/\/diarioubatuba.com.br\/index.php?rest_route=\/wp\/v2\/posts"}],"about":[{"href":"https:\/\/diarioubatuba.com.br\/index.php?rest_route=\/wp\/v2\/types\/post"}],"author":[{"embeddable":true,"href":"https:\/\/diarioubatuba.com.br\/index.php?rest_route=\/wp\/v2\/users\/1"}],"replies":[{"embeddable":true,"href":"https:\/\/diarioubatuba.com.br\/index.php?rest_route=%2Fwp%2Fv2%2Fcomments&post=15577"}],"version-history":[{"count":1,"href":"https:\/\/diarioubatuba.com.br\/index.php?rest_route=\/wp\/v2\/posts\/15577\/revisions"}],"predecessor-version":[{"id":15579,"href":"https:\/\/diarioubatuba.com.br\/index.php?rest_route=\/wp\/v2\/posts\/15577\/revisions\/15579"}],"wp:featuredmedia":[{"embeddable":true,"href":"https:\/\/diarioubatuba.com.br\/index.php?rest_route=\/wp\/v2\/media\/15578"}],"wp:attachment":[{"href":"https:\/\/diarioubatuba.com.br\/index.php?rest_route=%2Fwp%2Fv2%2Fmedia&parent=15577"}],"wp:term":[{"taxonomy":"category","embeddable":true,"href":"https:\/\/diarioubatuba.com.br\/index.php?rest_route=%2Fwp%2Fv2%2Fcategories&post=15577"},{"taxonomy":"post_tag","embeddable":true,"href":"https:\/\/diarioubatuba.com.br\/index.php?rest_route=%2Fwp%2Fv2%2Ftags&post=15577"}],"curies":[{"name":"wp","href":"https:\/\/api.w.org\/{rel}","templated":true}]}}