{"id":15574,"date":"2026-04-14T00:49:30","date_gmt":"2026-04-14T00:49:30","guid":{"rendered":"https:\/\/diarioubatuba.com.br\/?p=15574"},"modified":"2026-04-14T00:52:31","modified_gmt":"2026-04-14T00:52:31","slug":"a-muralha-de-ilhabela-o-que-voce-precisa-saber-antes-de-encarar-os-1-048-metros-do-baepi","status":"publish","type":"post","link":"https:\/\/diarioubatuba.com.br\/?p=15574","title":{"rendered":"A &#8216;muralha&#8217; de Ilhabela: o que voc\u00ea precisa saber antes de encarar os 1.048 metros do Baepi"},"content":{"rendered":"<p>O ver\u00e3o em Ilhabela \u00e9 sin\u00f4nimo de praias lotadas e, frequentemente, de uma vis\u00e3o limitada para quem busca aventura nas alturas.<\/p>\n<p>Quem j\u00e1 tentou subir o Pico do Baepi entre dezembro e fevereiro sabe: depois de horas de esfor\u00e7o, \u00e9 comum encontrar o topo &#8220;fechado&#8221; atrav\u00e9s da cerra\u00e7\u00e3o t\u00e9rmica. Mas, com a chegada do outono, o cen\u00e1rio muda drasticamente.<\/p>\n<p>O ar mais seco da esta\u00e7\u00e3o abre a &#8220;janela de visibilidade&#8221; perfeita, tornando esta a temporada oficial para quem deseja dominar o horizonte do Litoral Norte.<\/p>\n<p>A &#8220;Muralha&#8221; de 1.048 metros<\/p>\n<p>Com mais de mil metros de altitude, o Pico do Baepi \u00e9 uma das forma\u00e7\u00f5es mais emblem\u00e1ticas do Parque Estadual de Ilhabela (PEIb).<\/p>\n<p>N\u00e3o \u00e9 uma caminhada leve: s\u00e3o por volta de 7,4 km (ida e volta) de ascens\u00e3o \u00edngreme atrav\u00e9s da Mata Atl\u00e2ntica preservada.<\/p>\n<p>No outono, o clima \u00e9 o maior apoiador do trilheiro. Sem o calor extenuante de 30\u00b0C e a umidade opressiva do ver\u00e3o, o desgaste f\u00edsico \u00e9 menor, permitindo que o aventureiro foque na paisagem e n\u00e3o unicamente na exaust\u00e3o.<\/p>\n<p>O que o ver\u00e3o esconde, o outono evidencia<\/p>\n<p>O grande trunfo desta \u00e9poca \u00e9 a nitidez. No alto, a aus\u00eancia da n\u00e9voa de calor permite uma vis\u00e3o panor\u00e2mica de 360 graus que alcan\u00e7a:<\/p>\n<p>\tTodo o Canal de S\u00e3o Sebasti\u00e3o e a balsa.<\/p>\n<p>\tA imensid\u00e3o da Serra do Mar no continente.<\/p>\n<p>\tEm dias em particular claros, as silhuetas das montanhas de Ubatuba e o rastro do mar aberto ao leste da ilha.<\/p>\n<p>No outono, o clima \u00e9 o maior apoiador do trilheiro \/ Propaganda\/PEIb<\/p>\n<p>O que voc\u00ea precisa saber antes de subir<\/p>\n<p>Refor\u00e7amos que a seguran\u00e7a e o planejamento s\u00e3o o que separam uma experi\u00eancia \u00e9pica de um incidente na mata:<\/p>\n<p>Fator Luz<\/p>\n<p>No outono, os dias s\u00e3o mais curtos. O ideal \u00e9 come\u00e7ar a subida impreterivelmente \u00e0s 8h da manh\u00e3. Isso assegura o retorno antes das 16h, impedindo que voc\u00ea seja pego atrav\u00e9s do crep\u00fasculo dentro da mata fechada, onde a temperatura cai rapidamente.<\/p>\n<p>Registro obrigat\u00f3rio<\/p>\n<p>A trilha fica dentro de uma Unidade de Conserva\u00e7\u00e3o. \u00c9 necess\u00e1rio fazer o agendamento pr\u00e9vio ou o check-in na sede do Parque Estadual.<\/p>\n<p>No outono, as vagas s\u00e3o mais f\u00e1ceis de conseguir, mas a regra de preserva\u00e7\u00e3o continua r\u00edgida.<\/p>\n<p>Equipamento t\u00e9cnico<\/p>\n<p>O solo, embora menos lamacento que no ver\u00e3o, exige cal\u00e7ados com boa tra\u00e7\u00e3o. O ar seco exige hidrata\u00e7\u00e3o incessante,\u00a0leve ao menos 2 litros de \u00e1gua por pessoa.<\/p>\n<p>Borrachudos<\/p>\n<p>N\u00e3o se engane atrav\u00e9s da temperatura amena. Os borrachudos seguem ativos. O uso de repelente (em particular os \u00e0 base de citronela ou marcas locais) \u00e9 indispens\u00e1vel para impedir o desconforto durante as pausas para fotos.<\/p>\n<p><i>Com informa\u00e7\u00f5es do Diario do Litoral<\/i><\/p>\n","protected":false},"excerpt":{"rendered":"<p>O ver\u00e3o em Ilhabela \u00e9 sin\u00f4nimo de praias lotadas e, frequentemente, de uma vis\u00e3o limitada para quem busca aventura nas alturas. Quem j\u00e1 tentou subir o Pico do Baepi entre dezembro e fevereiro sabe: depois de horas de esfor\u00e7o, \u00e9 comum encontrar o topo &#8220;fechado&#8221; atrav\u00e9s da cerra\u00e7\u00e3o t\u00e9rmica. Mas, com a chegada do outono,<\/p>\n","protected":false},"author":1,"featured_media":15575,"comment_status":"closed","ping_status":"closed","sticky":false,"template":"","format":"standard","meta":{"footnotes":""},"categories":[33],"tags":[272,163],"class_list":{"0":"post-15574","1":"post","2":"type-post","3":"status-publish","4":"format-standard","5":"has-post-thumbnail","7":"category-ubatuba","8":"tag-diario-mais","9":"tag-ubatuba"},"_links":{"self":[{"href":"https:\/\/diarioubatuba.com.br\/index.php?rest_route=\/wp\/v2\/posts\/15574","targetHints":{"allow":["GET"]}}],"collection":[{"href":"https:\/\/diarioubatuba.com.br\/index.php?rest_route=\/wp\/v2\/posts"}],"about":[{"href":"https:\/\/diarioubatuba.com.br\/index.php?rest_route=\/wp\/v2\/types\/post"}],"author":[{"embeddable":true,"href":"https:\/\/diarioubatuba.com.br\/index.php?rest_route=\/wp\/v2\/users\/1"}],"replies":[{"embeddable":true,"href":"https:\/\/diarioubatuba.com.br\/index.php?rest_route=%2Fwp%2Fv2%2Fcomments&post=15574"}],"version-history":[{"count":1,"href":"https:\/\/diarioubatuba.com.br\/index.php?rest_route=\/wp\/v2\/posts\/15574\/revisions"}],"predecessor-version":[{"id":15576,"href":"https:\/\/diarioubatuba.com.br\/index.php?rest_route=\/wp\/v2\/posts\/15574\/revisions\/15576"}],"wp:featuredmedia":[{"embeddable":true,"href":"https:\/\/diarioubatuba.com.br\/index.php?rest_route=\/wp\/v2\/media\/15575"}],"wp:attachment":[{"href":"https:\/\/diarioubatuba.com.br\/index.php?rest_route=%2Fwp%2Fv2%2Fmedia&parent=15574"}],"wp:term":[{"taxonomy":"category","embeddable":true,"href":"https:\/\/diarioubatuba.com.br\/index.php?rest_route=%2Fwp%2Fv2%2Fcategories&post=15574"},{"taxonomy":"post_tag","embeddable":true,"href":"https:\/\/diarioubatuba.com.br\/index.php?rest_route=%2Fwp%2Fv2%2Ftags&post=15574"}],"curies":[{"name":"wp","href":"https:\/\/api.w.org\/{rel}","templated":true}]}}