{"id":15564,"date":"2026-04-13T19:59:39","date_gmt":"2026-04-13T19:59:39","guid":{"rendered":"https:\/\/diarioubatuba.com.br\/?p=15564"},"modified":"2026-04-13T20:04:09","modified_gmt":"2026-04-13T20:04:09","slug":"corpo-de-bombeiros-orienta-para-populacao-manter-distancia-de-fios-caidos-ou-rompidos","status":"publish","type":"post","link":"https:\/\/diarioubatuba.com.br\/?p=15564","title":{"rendered":"Corpo de Bombeiros orienta para popula\u00e7\u00e3o manter dist\u00e2ncia de fios ca\u00eddos ou rompidos"},"content":{"rendered":"<div id=\"header\">\n<p><span><picture><source media=\"(min-width: 1024px)\" ><source ><\/picture><\/span><span><\/span><\/p>\n<\/p><\/div>\n<div id=\"main-wrapper\">    \t\t<main id=\"main\">    \t\t      \t\t\t  \t\t\t \t \t \t \t\t\t\t\t \t\t\t \t \t\t\t \t  \t\t\t\t \t\t\t\t\t \t     \t\t \t<\/p>\n<div>\n<p>Na noite de domingo (12), uma equipe do Corpo de Bombeiros foi acionada para atender uma ocorr\u00eancia de rompimento de fio energizado, no cruzamento entre as ruas Cunhambebe e Liberdade, na \u00e1rea central de Ubatuba\/SP. <\/p>\n<p>No local, os bombeiros constataram o risco iminente de choque el\u00e9trico aos transeuntes e, de imediato, realizaram o isolamento e a sinaliza\u00e7\u00e3o da \u00e1rea, preservando a seguran\u00e7a de pedestres e motoristas at\u00e9 a chegada da concession\u00e1ria de energia el\u00e9trica, que assumiu a ocorr\u00eancia e deu prosseguimento aos procedimentos t\u00e9cnicos. <\/p>\n<p>O Corpo de Bombeiros orienta que, ao se deparar com fios ca\u00eddos ou rompidos, os cidad\u00e3os mantenha dist\u00e2ncia segura, evite qualquer tipo de contato e acione imediatamente os servi\u00e7os de emerg\u00eancia. Tamb\u00e9m \u00e9 fundamental n\u00e3o tentar isolar a \u00e1rea por motivo pr\u00f3pria e redobrar a aten\u00e7\u00e3o, principalmente em momentos de chuva ou ventos fortes, quando existe maior risco desse tipo de ocorr\u00eancia. <\/p>\n<p><strong>Fonte: Corpo de Bombeiros<\/strong> \t<\/p>\n<\/div>\n<nav>  \t\t\t  \t\t    \t\t  \t\t\t  \t\t\t  \t<\/nav>\n<p>\t\t  \t\t<\/main>    \t\t  \t\t\t\t\t  \t  \t<\/p>\n<div>\n<h3><\/h3>\n<\/p><\/div>\n<\/p><\/div>\n","protected":false},"excerpt":{"rendered":"<p>Na noite de domingo (12), uma equipe do Corpo de Bombeiros foi acionada para atender uma ocorr\u00eancia de rompimento de fio energizado, no cruzamento entre as ruas Cunhambebe e Liberdade, na \u00e1rea central de Ubatuba\/SP. No local, os bombeiros constataram o risco iminente de choque el\u00e9trico aos transeuntes e, de imediato, realizaram o isolamento e<\/p>\n","protected":false},"author":1,"featured_media":15565,"comment_status":"closed","ping_status":"closed","sticky":false,"template":"","format":"standard","meta":{"footnotes":""},"categories":[33],"tags":[167,163],"class_list":{"0":"post-15564","1":"post","2":"type-post","3":"status-publish","4":"format-standard","5":"has-post-thumbnail","7":"category-ubatuba","8":"tag-cidades","9":"tag-ubatuba"},"_links":{"self":[{"href":"https:\/\/diarioubatuba.com.br\/index.php?rest_route=\/wp\/v2\/posts\/15564","targetHints":{"allow":["GET"]}}],"collection":[{"href":"https:\/\/diarioubatuba.com.br\/index.php?rest_route=\/wp\/v2\/posts"}],"about":[{"href":"https:\/\/diarioubatuba.com.br\/index.php?rest_route=\/wp\/v2\/types\/post"}],"author":[{"embeddable":true,"href":"https:\/\/diarioubatuba.com.br\/index.php?rest_route=\/wp\/v2\/users\/1"}],"replies":[{"embeddable":true,"href":"https:\/\/diarioubatuba.com.br\/index.php?rest_route=%2Fwp%2Fv2%2Fcomments&post=15564"}],"version-history":[{"count":1,"href":"https:\/\/diarioubatuba.com.br\/index.php?rest_route=\/wp\/v2\/posts\/15564\/revisions"}],"predecessor-version":[{"id":15566,"href":"https:\/\/diarioubatuba.com.br\/index.php?rest_route=\/wp\/v2\/posts\/15564\/revisions\/15566"}],"wp:featuredmedia":[{"embeddable":true,"href":"https:\/\/diarioubatuba.com.br\/index.php?rest_route=\/wp\/v2\/media\/15565"}],"wp:attachment":[{"href":"https:\/\/diarioubatuba.com.br\/index.php?rest_route=%2Fwp%2Fv2%2Fmedia&parent=15564"}],"wp:term":[{"taxonomy":"category","embeddable":true,"href":"https:\/\/diarioubatuba.com.br\/index.php?rest_route=%2Fwp%2Fv2%2Fcategories&post=15564"},{"taxonomy":"post_tag","embeddable":true,"href":"https:\/\/diarioubatuba.com.br\/index.php?rest_route=%2Fwp%2Fv2%2Ftags&post=15564"}],"curies":[{"name":"wp","href":"https:\/\/api.w.org\/{rel}","templated":true}]}}