{"id":15561,"date":"2026-04-13T16:54:33","date_gmt":"2026-04-13T16:54:33","guid":{"rendered":"https:\/\/diarioubatuba.com.br\/?p=15561"},"modified":"2026-04-13T17:08:44","modified_gmt":"2026-04-13T17:08:44","slug":"cabo-de-alta-tensao-se-rompe-e-mobiliza-equipes-de-emergencia-em-ubatuba","status":"publish","type":"post","link":"https:\/\/diarioubatuba.com.br\/?p=15561","title":{"rendered":"Cabo de alta tens\u00e3o se rompe e mobiliza equipes de emerg\u00eancia em Ubatuba"},"content":{"rendered":"<p>Uma ocorr\u00eancia de rompimento de cabo energizado na \u00e1rea central de Ubatuba, na noite deste domingo (12), assustou moradores. O Corpo de Bombeiros foi acionado para intervir em um segmento cr\u00edtico no cruzamento entre as ruas Cunhambebe e Liberdade, onde um fio solto apresentava perigo imediato de choque el\u00e9trico para pedestres e motoristas.<\/p>\n<p>Assim que chegaram ao local, os militares priorizaram o cercamento da \u00e1rea. Utilizando cones e fitas de sinaliza\u00e7\u00e3o, a guarni\u00e7\u00e3o montou um per\u00edmetro de seguran\u00e7a para impedir que qualquer pessoa se aproximasse do componente el\u00e9trico.<\/p>\n<p>A interdi\u00e7\u00e3o parcial da via foi mantida at\u00e9 que os t\u00e9cnicos da concession\u00e1ria de energia chegassem ao endere\u00e7o para efetuar os reparos e o desligamento preventivo da rede.<\/p>\n<p>A concession\u00e1ria respons\u00e1vel assumiu os trabalhos de manuten\u00e7\u00e3o ainda durante a noite, restabelecendo a normalidade do fluxo e a integridade do sistema el\u00e9trico na \u00e1rea.<\/p>\n<div class=\"wp-video\"><video class=\"wp-video-shortcode\" width=\"478\" height=\"850\" preload=\"none\" controls=\"controls\"><source type=\"video\/mp4\" src=\"https:\/\/novaimprensa.com\/wp-content\/uploads\/2026\/04\/WhatsApp-Video-2026-04-13-at-11.04.22.mp4?_=1\">https:\/\/novaimprensa.com\/wp-content\/uploads\/2026\/04\/WhatsApp-Video-2026-04-13-at-11.04.22.mp4<\/video><\/div>\n<div class=\"wp-video\"><video class=\"wp-video-shortcode\" width=\"478\" height=\"850\" preload=\"none\" controls=\"controls\"><source type=\"video\/mp4\" src=\"https:\/\/novaimprensa.com\/wp-content\/uploads\/2026\/04\/WhatsApp-Video-2026-04-13-at-11.04.22.mp4?_=2\">https:\/\/novaimprensa.com\/wp-content\/uploads\/2026\/04\/WhatsApp-Video-2026-04-13-at-11.04.22.mp4<\/video><\/div>\n<p><span><em><strong>Siga o canal \u201cNova Imprensa\u201d no WhatsApp e fique por dentro das not\u00edcias do Litoral Norte: https:\/\/whatsapp.com\/channel\/0029Vb3aWJl29759dfBaD40Y<\/strong><\/em><\/span><\/p>\n<p>O epis\u00f3dio serviu de alerta para as autoridades locais sobre os riscos de incidentes com a rede el\u00e9trica, que tendem a aumentar em momentos de ventania ou tempestades.<\/p>\n<p>A dire\u00e7\u00e3o t\u00e9cnica \u00e9 que, em casos similares, os cidad\u00e3os mantenha uma dist\u00e2ncia consider\u00e1vel e nunca tente tocar ou mover cabos ca\u00eddos, mesmo que pare\u00e7am desligados ou sem fa\u00edscas. O procedimento correto \u00e9 o acionamento imediato do telefone de emerg\u00eancia 193.<\/p>\n<p>\u00a0<\/p>\n<p> Cabo de alta tens\u00e3o se rompe e mobiliza equipes de emerg\u00eancia em Ubatuba <\/p>\n<p><i>Com informa\u00e7\u00f5es de NovaImprensa<\/i><\/p>\n","protected":false},"excerpt":{"rendered":"<p>Uma ocorr\u00eancia de rompimento de cabo energizado na \u00e1rea central de Ubatuba, na noite deste domingo (12), assustou moradores. O Corpo de Bombeiros foi acionado para intervir em um segmento cr\u00edtico no cruzamento entre as ruas Cunhambebe e Liberdade, onde um fio solto apresentava perigo imediato de choque el\u00e9trico para pedestres e motoristas. Assim que<\/p>\n","protected":false},"author":1,"featured_media":15562,"comment_status":"closed","ping_status":"closed","sticky":false,"template":"","format":"standard","meta":{"footnotes":""},"categories":[33],"tags":[678,1347,167,303,65,450,2317,1222,177,1491,1116,163],"class_list":{"0":"post-15561","1":"post","2":"type-post","3":"status-publish","4":"format-standard","5":"has-post-thumbnail","7":"category-ubatuba","8":"tag-cadernos","9":"tag-centro","10":"tag-cidades","11":"tag-corpo-de-bombeiros","12":"tag-destaques","13":"tag-energia-eletrica","14":"tag-fio-energizado","15":"tag-ocorrencia","16":"tag-policia","17":"tag-rede-eletrica","18":"tag-seguranca-publica","19":"tag-ubatuba"},"_links":{"self":[{"href":"https:\/\/diarioubatuba.com.br\/index.php?rest_route=\/wp\/v2\/posts\/15561","targetHints":{"allow":["GET"]}}],"collection":[{"href":"https:\/\/diarioubatuba.com.br\/index.php?rest_route=\/wp\/v2\/posts"}],"about":[{"href":"https:\/\/diarioubatuba.com.br\/index.php?rest_route=\/wp\/v2\/types\/post"}],"author":[{"embeddable":true,"href":"https:\/\/diarioubatuba.com.br\/index.php?rest_route=\/wp\/v2\/users\/1"}],"replies":[{"embeddable":true,"href":"https:\/\/diarioubatuba.com.br\/index.php?rest_route=%2Fwp%2Fv2%2Fcomments&post=15561"}],"version-history":[{"count":1,"href":"https:\/\/diarioubatuba.com.br\/index.php?rest_route=\/wp\/v2\/posts\/15561\/revisions"}],"predecessor-version":[{"id":15563,"href":"https:\/\/diarioubatuba.com.br\/index.php?rest_route=\/wp\/v2\/posts\/15561\/revisions\/15563"}],"wp:featuredmedia":[{"embeddable":true,"href":"https:\/\/diarioubatuba.com.br\/index.php?rest_route=\/wp\/v2\/media\/15562"}],"wp:attachment":[{"href":"https:\/\/diarioubatuba.com.br\/index.php?rest_route=%2Fwp%2Fv2%2Fmedia&parent=15561"}],"wp:term":[{"taxonomy":"category","embeddable":true,"href":"https:\/\/diarioubatuba.com.br\/index.php?rest_route=%2Fwp%2Fv2%2Fcategories&post=15561"},{"taxonomy":"post_tag","embeddable":true,"href":"https:\/\/diarioubatuba.com.br\/index.php?rest_route=%2Fwp%2Fv2%2Ftags&post=15561"}],"curies":[{"name":"wp","href":"https:\/\/api.w.org\/{rel}","templated":true}]}}