{"id":15558,"date":"2026-04-13T11:04:18","date_gmt":"2026-04-13T11:04:18","guid":{"rendered":"https:\/\/diarioubatuba.com.br\/?p=15558"},"modified":"2026-04-13T11:22:11","modified_gmt":"2026-04-13T11:22:11","slug":"ub515-tem-largada-com-recorde-feminino-e-maioria-de-estreantes","status":"publish","type":"post","link":"https:\/\/diarioubatuba.com.br\/?p=15558","title":{"rendered":"UB515 tem largada com recorde feminino e maioria de estreantes"},"content":{"rendered":"<div> \t\t\t\t\t\t \t\t\t\t\t\t\t\t \t\t\t\t<meta itemprop=\"datePublished\" content=\"2026-04-10\"> \t\t\t\t<meta itemprop=\"dateModified\" content=\"2026-04-10\"> \t\t\t\t \t\t\t \t\t\t\t<\/p>\n<p>UB515 tem largada com recorde feminino e maioria de estreantes<\/p>\n<p><span>Postado em <span>10\/04\/2026<\/span><\/span> \t\t\t\t\t\t\t\t\t\t\t\t\t\t<\/p>\n<figure itemscope>\n<\/figure>\n<div itemprop=\"articleBody\">\n<p>A UB515 Ultraman Brasil iniciou \u00e0s 6h da manh\u00e3 desta sexta-feira, em Ubatuba, programando a largada de mais uma edi\u00e7\u00e3o de uma das provas mais exigentes do calend\u00e1rio nacional de endurance. Em uma manh\u00e3 nublada, considerada agrad\u00e1vel para os competidores, os esportistas iniciaram o desafio de 515 quil\u00f4metros, que ser\u00e1 disputado no decorrer de tr\u00eas dias.<\/p>\n<p>A prova iniciou com a etapa de 10 quil\u00f4metros de nata\u00e7\u00e3o, seguida por 145 quil\u00f4metros de ciclismo ainda no primeiro dia. No segundo, os que participam enfrentar\u00e3o mais 276 quil\u00f4metros de pedal. J\u00e1 no terceiro e \u00faltimo dia, o percurso ser\u00e1 de 84,4 quil\u00f4metros de corrida, equivalente a duas maratonas.<\/p>\n<p>De acordo com o coordenador da prova, Alexandre Luna, a edi\u00e7\u00e3o deste ano \u00e9 marcada por n\u00fameros expressivos e por um perfil que refor\u00e7a o esp\u00edrito de supera\u00e7\u00e3o do acontecimento. Conforme ele, aproxamadamente 70% dos esportistas s\u00e3o novatos, disputando a UB515 atrav\u00e9s da primeira vez. Outro destaque \u00e9 o recorde de participa\u00e7\u00e3o feminina, com oito mulheres na prova.<\/p>\n<p>\u201cEste ano, 70% dos atletas s\u00e3o novatos e est\u00e3o fazendo a UB515 pela primeira vez. Temos uma alegria muito grande tamb\u00e9m com o recorde de participa\u00e7\u00e3o feminina, com oito mulheres na prova. Acima de tudo, esperamos que seja uma competi\u00e7\u00e3o segura, sem nenhum tipo de intercorr\u00eancia durante os tr\u00eas dias, e que continue cumprindo o prop\u00f3sito de levar esses atletas a um outro n\u00edvel de autoconhecimento\u201d, destacou Alexandre Luna.<\/p>\n<p>A condi\u00e7\u00e3o do tempo na largada gerou aten\u00e7\u00e3o por parte da planejamento, particularmente tratando-se de uma prova de \u00e1guas abertas. A noite anterior foi chuvosa, e a manh\u00e3 iniciou encoberta, o que causou certa apreens\u00e3o inicial. Ainda assim, as condi\u00e7\u00f5es do mar foram consideradas favor\u00e1veis para o come\u00e7o da disputa.<\/p>\n<p>Alexandre Luna explicou que, apesar da preocupa\u00e7\u00e3o natural com a etapa aqu\u00e1tica, o cen\u00e1rio identificado foi positivo para os que participam. \u201cO mar sempre exige uma aten\u00e7\u00e3o muito grande da organiza\u00e7\u00e3o, porque \u00e9 a etapa que mais nos preocupa. Mas ele est\u00e1 manso, e o tempo nublado acaba ajudando os atletas, porque reduz o calor. Como eles usam roupa de borracha, essa condi\u00e7\u00e3o pode at\u00e9 favorecer o desempenho na prova\u201d, afirmou.<\/p>\n<\/p><\/div>\n<\/p><\/div>\n","protected":false},"excerpt":{"rendered":"<p>UB515 tem largada com recorde feminino e maioria de estreantes Postado em 10\/04\/2026 A UB515 Ultraman Brasil iniciou \u00e0s 6h da manh\u00e3 desta sexta-feira, em Ubatuba, programando a largada de mais uma edi\u00e7\u00e3o de uma das provas mais exigentes do calend\u00e1rio nacional de endurance. Em uma manh\u00e3 nublada, considerada agrad\u00e1vel para os competidores, os esportistas<\/p>\n","protected":false},"author":1,"featured_media":15559,"comment_status":"closed","ping_status":"closed","sticky":false,"template":"","format":"standard","meta":{"footnotes":""},"categories":[33],"tags":[163],"class_list":{"0":"post-15558","1":"post","2":"type-post","3":"status-publish","4":"format-standard","5":"has-post-thumbnail","7":"category-ubatuba","8":"tag-ubatuba"},"_links":{"self":[{"href":"https:\/\/diarioubatuba.com.br\/index.php?rest_route=\/wp\/v2\/posts\/15558","targetHints":{"allow":["GET"]}}],"collection":[{"href":"https:\/\/diarioubatuba.com.br\/index.php?rest_route=\/wp\/v2\/posts"}],"about":[{"href":"https:\/\/diarioubatuba.com.br\/index.php?rest_route=\/wp\/v2\/types\/post"}],"author":[{"embeddable":true,"href":"https:\/\/diarioubatuba.com.br\/index.php?rest_route=\/wp\/v2\/users\/1"}],"replies":[{"embeddable":true,"href":"https:\/\/diarioubatuba.com.br\/index.php?rest_route=%2Fwp%2Fv2%2Fcomments&post=15558"}],"version-history":[{"count":1,"href":"https:\/\/diarioubatuba.com.br\/index.php?rest_route=\/wp\/v2\/posts\/15558\/revisions"}],"predecessor-version":[{"id":15560,"href":"https:\/\/diarioubatuba.com.br\/index.php?rest_route=\/wp\/v2\/posts\/15558\/revisions\/15560"}],"wp:featuredmedia":[{"embeddable":true,"href":"https:\/\/diarioubatuba.com.br\/index.php?rest_route=\/wp\/v2\/media\/15559"}],"wp:attachment":[{"href":"https:\/\/diarioubatuba.com.br\/index.php?rest_route=%2Fwp%2Fv2%2Fmedia&parent=15558"}],"wp:term":[{"taxonomy":"category","embeddable":true,"href":"https:\/\/diarioubatuba.com.br\/index.php?rest_route=%2Fwp%2Fv2%2Fcategories&post=15558"},{"taxonomy":"post_tag","embeddable":true,"href":"https:\/\/diarioubatuba.com.br\/index.php?rest_route=%2Fwp%2Fv2%2Ftags&post=15558"}],"curies":[{"name":"wp","href":"https:\/\/api.w.org\/{rel}","templated":true}]}}