{"id":15551,"date":"2026-04-12T14:49:18","date_gmt":"2026-04-12T14:49:18","guid":{"rendered":"https:\/\/diarioubatuba.com.br\/?p=15551"},"modified":"2026-04-12T14:51:36","modified_gmt":"2026-04-12T14:51:36","slug":"semana-do-bebe-2026-tera-como-tema-identidade-etnico-racial","status":"publish","type":"post","link":"https:\/\/diarioubatuba.com.br\/?p=15551","title":{"rendered":"Semana do beb\u00ea 2026 ter\u00e1 como tema \u201cIdentidade \u00c9tnico-Racial\u201d"},"content":{"rendered":"<div> \t\t\t\t\t\t \t\t\t\t\t\t\t\t \t\t\t\t<meta itemprop=\"datePublished\" content=\"2026-04-10\"> \t\t\t\t<meta itemprop=\"dateModified\" content=\"2026-04-10\"> \t\t\t\t \t\t\t \t\t\t\t<\/p>\n<p>Semana do beb\u00ea 2026 ter\u00e1 como tema \u201cIdentidade \u00c9tnico-Racial\u201d<\/p>\n<p><span>Postado em <span>10\/04\/2026<\/span><\/span> \t\t\t\t\t\t\t\t\t\t\t\t\t\t<\/p>\n<figure itemscope>\n<\/figure>\n<div itemprop=\"articleBody\">\n<p><span>Com a proposta de ampliar o debate sobre equidade na Primeira Inf\u00e2ncia, inserindo o tema \u00e9tnico-racial nas a\u00e7\u00f5es desenvolvidas pela cidade, a Semana do Beb\u00ea\/2026 ter\u00e1 como tema \u201cIdentidade \u00c9tnico-Racial\u201d. O acontecimento, que chega a sua d\u00e9cima edi\u00e7\u00e3o, ocorrer\u00e1 de 10 a 16 de maio, com iniciativas planejadas de forma intersetorial.<\/span><\/p>\n<p><span>A abertura oficial realiza-se no dia 11 de maio, \u00e0s 19h, no Teatro Municipal Pedro Paulo Teixeira Pinto, e deve unir profissionais de todas as institui\u00e7\u00f5es envolvidas e a comunidade. A programa\u00e7\u00e3o contar\u00e1 com apresenta\u00e7\u00e3o do Projeto Vem Dan\u00e7ar \u2013 Dan\u00e7a Inclusiva na escola, participa\u00e7\u00e3o de palestrante e falas de representantes das pastas envolvidas.<\/span><\/p>\n<p><span>Durante todo o momento, as a\u00e7\u00f5es incluir\u00e3o atividades voltadas \u00e0 valoriza\u00e7\u00e3o da inf\u00e2ncia e ao fortalecimento de pr\u00e1ticas educativas, com envolvimento direto das Unidades de Educa\u00e7\u00e3o Infantil da Rede Municipal, que desenvolver\u00e3o propostas pedag\u00f3gicas no decurso da semana. Os trabalhos produzidos por crian\u00e7as e educadores tamb\u00e9m far\u00e3o parte das a\u00e7\u00f5es previstas. A \u00e1rea da Sa\u00fade e outros setores, contribuir\u00e3o com iniciativas relacionadas ao acompanhamento e desenvolvimento na Primeira Inf\u00e2ncia.<\/span><\/p>\n<p><span>A iniciativa integra o planejamento cont\u00ednuo das Pol\u00edticas P\u00fablicas voltadas \u00e0 Primeira Inf\u00e2ncia e indica, nesta edi\u00e7\u00e3o, ampliar o debate sobre diversidade, pertencimento e garantia de direitos, desde os primeiros anos de idade. A defini\u00e7\u00e3o do tema ocorreu em reuni\u00e3o do Comit\u00ea da Primeira Inf\u00e2ncia, realizada em 2025. <\/span><\/p>\n<p><span>A tem\u00e1tica desta edi\u00e7\u00e3o insere na programa\u00e7\u00e3o a discuss\u00e3o sobre desigualdades que impactam o acesso a direitos desde o come\u00e7o da vida. \u201cA abordagem do tema busca contribuir para a constru\u00e7\u00e3o de pr\u00e1ticas que considerem essas especificidades e promover maior equidade\u201d, explicou a articuladora do Comit\u00ea da Primeira Inf\u00e2ncia, Roc Sane Nassa.<\/span><\/p>\n<p><span>No decurso dos \u00faltimos dez anos, o munic\u00edpio consolidou avan\u00e7os na estrutura\u00e7\u00e3o de pol\u00edticas p\u00fablicas voltadas \u00e0s crian\u00e7as de 0 a 6 anos. A cria\u00e7\u00e3o dessa estrutura e do Comit\u00ea da Primeira Inf\u00e2ncia possibilitou a articula\u00e7\u00e3o entre diferentes setores, amplificando o trabalho intersetorial. Atualmente, diferentes Secretarias da prefeitura, membros dos Conselhos Municipais e representantes da sociedade civil atuam de forma intersetorial, acompanhando o momento que vai desde a gesta\u00e7\u00e3o, passando atrav\u00e9s do puerp\u00e9rio, at\u00e9 o desenvolvimento da crian\u00e7a nos seus primeiros anos de idade. \u201cEsse cuidado ampliado garante um olhar mais completo e humanizado para as crian\u00e7as e suas fam\u00edlias\u201d, acrescentou Roc Sane. O trabalho integrado tamb\u00e9m conta com o suporte do Conselho Tutelar e integra o Programa Primeira Inf\u00e2ncia Cidad\u00e3 (PIC), desenvolvido com apoio da Petrobr\u00e1s.<\/span><\/p>\n<p><span>Com a nova etapa do PIC, foram definidas regi\u00f5es priorit\u00e1rias de atua\u00e7\u00e3o, planejadas com in\u00edcio de pactua\u00e7\u00f5es com a gest\u00e3o municipal. O Comit\u00ea passou a atuar por interm\u00e9dio de grupos de trabalho, respons\u00e1veis por desenvolver a\u00e7\u00f5es e metas para os pr\u00f3ximos anos, em um ciclo previsto at\u00e9 2029.<\/span><\/p>\n<\/p><\/div>\n<\/p><\/div>\n","protected":false},"excerpt":{"rendered":"<p>Semana do beb\u00ea 2026 ter\u00e1 como tema \u201cIdentidade \u00c9tnico-Racial\u201d Postado em 10\/04\/2026 Com a proposta de ampliar o debate sobre equidade na Primeira Inf\u00e2ncia, inserindo o tema \u00e9tnico-racial nas a\u00e7\u00f5es desenvolvidas pela cidade, a Semana do Beb\u00ea\/2026 ter\u00e1 como tema \u201cIdentidade \u00c9tnico-Racial\u201d. O acontecimento, que chega a sua d\u00e9cima edi\u00e7\u00e3o, ocorrer\u00e1 de 10 a 16<\/p>\n","protected":false},"author":1,"featured_media":15552,"comment_status":"closed","ping_status":"closed","sticky":false,"template":"","format":"standard","meta":{"footnotes":""},"categories":[33],"tags":[163],"class_list":{"0":"post-15551","1":"post","2":"type-post","3":"status-publish","4":"format-standard","5":"has-post-thumbnail","7":"category-ubatuba","8":"tag-ubatuba"},"_links":{"self":[{"href":"https:\/\/diarioubatuba.com.br\/index.php?rest_route=\/wp\/v2\/posts\/15551","targetHints":{"allow":["GET"]}}],"collection":[{"href":"https:\/\/diarioubatuba.com.br\/index.php?rest_route=\/wp\/v2\/posts"}],"about":[{"href":"https:\/\/diarioubatuba.com.br\/index.php?rest_route=\/wp\/v2\/types\/post"}],"author":[{"embeddable":true,"href":"https:\/\/diarioubatuba.com.br\/index.php?rest_route=\/wp\/v2\/users\/1"}],"replies":[{"embeddable":true,"href":"https:\/\/diarioubatuba.com.br\/index.php?rest_route=%2Fwp%2Fv2%2Fcomments&post=15551"}],"version-history":[{"count":1,"href":"https:\/\/diarioubatuba.com.br\/index.php?rest_route=\/wp\/v2\/posts\/15551\/revisions"}],"predecessor-version":[{"id":15553,"href":"https:\/\/diarioubatuba.com.br\/index.php?rest_route=\/wp\/v2\/posts\/15551\/revisions\/15553"}],"wp:featuredmedia":[{"embeddable":true,"href":"https:\/\/diarioubatuba.com.br\/index.php?rest_route=\/wp\/v2\/media\/15552"}],"wp:attachment":[{"href":"https:\/\/diarioubatuba.com.br\/index.php?rest_route=%2Fwp%2Fv2%2Fmedia&parent=15551"}],"wp:term":[{"taxonomy":"category","embeddable":true,"href":"https:\/\/diarioubatuba.com.br\/index.php?rest_route=%2Fwp%2Fv2%2Fcategories&post=15551"},{"taxonomy":"post_tag","embeddable":true,"href":"https:\/\/diarioubatuba.com.br\/index.php?rest_route=%2Fwp%2Fv2%2Ftags&post=15551"}],"curies":[{"name":"wp","href":"https:\/\/api.w.org\/{rel}","templated":true}]}}