{"id":15542,"date":"2026-04-12T08:09:19","date_gmt":"2026-04-12T08:09:19","guid":{"rendered":"https:\/\/diarioubatuba.com.br\/?p=15542"},"modified":"2026-04-12T08:16:08","modified_gmt":"2026-04-12T08:16:08","slug":"haiti-30-pessoas-morrem-pisoteadas-durante-tumulto-em-ponto-turistico","status":"publish","type":"post","link":"https:\/\/diarioubatuba.com.br\/?p=15542","title":{"rendered":"Haiti: 30 pessoas morrem pisoteadas durante tumulto em ponto tur\u00edstico"},"content":{"rendered":"<\/p>\n<p>Ao menos 30 pessoas morreram pisoteadas no Haiti, s\u00e1bado agora (11\/4), durante um tumulto no Laferriere Citadel \u2014 tamb\u00e9m conhecido como Cidadela \u2014 um dos principais pontos de interesse tur\u00edstico do pa\u00eds.<\/p>\n<p> As autoridades locais afirmam que o n\u00famero de v\u00edtimas que morreram pisoteadas pode subir, pois existe dezenas de pessoas desaparecidas. As informa\u00e7\u00f5es s\u00e3o da ABC News.<\/p>\n<p> A Laferriere Citadel \u00e9 um forte localizado na \u00e1rea norte do Haiti. O local, que \u00e9 um dos pontos de interesse tur\u00edstico mais famosos do pa\u00eds, \u00e9 reconhecido como Patrim\u00f4nio Mundial atrav\u00e9s da Planejamento das Na\u00e7\u00f5es Unidas para a Educa\u00e7\u00e3o, a Ci\u00eancia e a Cultura (Unesco).<\/p>\n<p> Ainda n\u00e3o existe informa\u00e7\u00f5es sobre a causa exata da trag\u00e9dia. No momento da confus\u00e3o, o local estava lotado e enfrentava uma forte chuva.<\/p>\n<p> A Laferriere Citadel \u00e9 uma fortaleza constru\u00edda no alto de uma montanha. O formato e a localidade podem ter dificultado a sa\u00edda do p\u00fablico.<\/p>\n<p> O primeiro-ministro haitiano, Alix Didier Fils-Aim\u00e9, emitiu um comunicado a respeito das mortes e afirmou que \u201cexpressa suas mais sinceras condol\u00eancias \u00e0s fam\u00edlias enlutadas e assegura-lhes sua profunda solidariedade neste momento de luto e grande sofrimento.\u201d<\/p>\n<p>  A maior probabilidade \u00e9 que parte consider\u00e1vel das v\u00edtimas seja jovem, pois havia grande n\u00famero de estudantes entre os visitantes do ponto tur\u00edstico no momento da trag\u00e9dia.<\/p>\n<p><i>Com informa\u00e7\u00f5es Metropoles<\/i><\/p>\n","protected":false},"excerpt":{"rendered":"<p>Ao menos 30 pessoas morreram pisoteadas no Haiti, s\u00e1bado agora (11\/4), durante um tumulto no Laferriere Citadel \u2014 tamb\u00e9m conhecido como Cidadela \u2014 um dos principais pontos de interesse tur\u00edstico do pa\u00eds. As autoridades locais afirmam que o n\u00famero de v\u00edtimas que morreram pisoteadas pode subir, pois existe dezenas de pessoas desaparecidas. As informa\u00e7\u00f5es s\u00e3o<\/p>\n","protected":false},"author":1,"featured_media":15543,"comment_status":"closed","ping_status":"closed","sticky":false,"template":"","format":"standard","meta":{"footnotes":""},"categories":[34],"tags":[135,1547],"class_list":{"0":"post-15542","1":"post","2":"type-post","3":"status-publish","4":"format-standard","5":"has-post-thumbnail","7":"category-brasil","8":"tag-brasil","9":"tag-zzmoscay"},"_links":{"self":[{"href":"https:\/\/diarioubatuba.com.br\/index.php?rest_route=\/wp\/v2\/posts\/15542","targetHints":{"allow":["GET"]}}],"collection":[{"href":"https:\/\/diarioubatuba.com.br\/index.php?rest_route=\/wp\/v2\/posts"}],"about":[{"href":"https:\/\/diarioubatuba.com.br\/index.php?rest_route=\/wp\/v2\/types\/post"}],"author":[{"embeddable":true,"href":"https:\/\/diarioubatuba.com.br\/index.php?rest_route=\/wp\/v2\/users\/1"}],"replies":[{"embeddable":true,"href":"https:\/\/diarioubatuba.com.br\/index.php?rest_route=%2Fwp%2Fv2%2Fcomments&post=15542"}],"version-history":[{"count":1,"href":"https:\/\/diarioubatuba.com.br\/index.php?rest_route=\/wp\/v2\/posts\/15542\/revisions"}],"predecessor-version":[{"id":15544,"href":"https:\/\/diarioubatuba.com.br\/index.php?rest_route=\/wp\/v2\/posts\/15542\/revisions\/15544"}],"wp:featuredmedia":[{"embeddable":true,"href":"https:\/\/diarioubatuba.com.br\/index.php?rest_route=\/wp\/v2\/media\/15543"}],"wp:attachment":[{"href":"https:\/\/diarioubatuba.com.br\/index.php?rest_route=%2Fwp%2Fv2%2Fmedia&parent=15542"}],"wp:term":[{"taxonomy":"category","embeddable":true,"href":"https:\/\/diarioubatuba.com.br\/index.php?rest_route=%2Fwp%2Fv2%2Fcategories&post=15542"},{"taxonomy":"post_tag","embeddable":true,"href":"https:\/\/diarioubatuba.com.br\/index.php?rest_route=%2Fwp%2Fv2%2Ftags&post=15542"}],"curies":[{"name":"wp","href":"https:\/\/api.w.org\/{rel}","templated":true}]}}